{"id":27479,"date":"2022-11-12T14:56:56","date_gmt":"2022-11-12T14:56:56","guid":{"rendered":"https:\/\/blogdorogeriogomes.com.br\/?p=27479"},"modified":"2022-11-14T14:22:52","modified_gmt":"2022-11-14T14:22:52","slug":"valdetario-monteiro-tomara-posse-na-academia-brasileira-de-direito","status":"publish","type":"post","link":"https:\/\/blogdorogeriogomes.com.br\/noticias\/2022\/11\/valdetario-monteiro-tomara-posse-na-academia-brasileira-de-direito\/","title":{"rendered":"Valdet\u00e1rio Monteiro tomar\u00e1 posse na Academia Brasileira de Direito"},"content":{"rendered":"\n<p>Em cerim\u00f4nia a ser realizada na pr\u00f3xima quarta-feira, dia 16 de novembro, o advogado e professor Valdet\u00e1rio Andrade Monteiro tomar\u00e1 posse na Cadeira de n\u00famero 46 da Academia Brasileira de Direito &#8211; ABD, cujo patrono ser\u00e1 o jurista Paulo Bonavides.<\/p>\n\n\n\n<p>A escolha de Valdet\u00e1rio Monteiro para a Academia foi comunicada por of\u00edcio de seu presidente, acad\u00eamico Andr\u00e9 Augusto Malcher Meira, feita com base em decis\u00e3o un\u00e2nime dos seus membros e pautada na produ\u00e7\u00e3o intelectual de profissionais que assim se destacam no mundo acad\u00eamico e jur\u00eddico.<\/p>\n\n\n\n<p>Valdet\u00e1rio \u00e9 advogado e professor nas disciplinas de Direito Tribut\u00e1rio e Processo Civil, Presidente da Comiss\u00e3o de Liberdade Religiosa da OAB Nacional, membro da Academia Cearense de Letras Jur\u00eddicas, tendo sido seu presidente, membro da Academia Cearense de Direito e membro do Instituto dos Advogados do Cear\u00e1.<\/p>\n\n\n\n<p>Presidiu, por dois mandatos, a OAB Cear\u00e1, tendo sido presidente da Caixa de Assist\u00eancia dos Advogados do Cear\u00e1, Conselheiro no Conselho Nacional de Justi\u00e7a (CNJ), Conselheiro Federal da OAB e Secret\u00e1rio Chefe da Casa Civil do Distrito Federal.<\/p>\n\n\n\n<figure class=\"wp-block-image size-large\"><img loading=\"lazy\" decoding=\"async\" width=\"1024\" height=\"680\" src=\"https:\/\/blogdorogeriogomes.com.br\/wp-content\/uploads\/2022\/11\/IMG-20221112-WA0004-1024x680.jpg\" alt=\"\" class=\"wp-image-27480\" srcset=\"https:\/\/blogdorogeriogomes.com.br\/noticias\/wp-content\/uploads\/2022\/11\/IMG-20221112-WA0004-1024x680.jpg 1024w, https:\/\/blogdorogeriogomes.com.br\/noticias\/wp-content\/uploads\/2022\/11\/IMG-20221112-WA0004-300x199.jpg 300w, https:\/\/blogdorogeriogomes.com.br\/noticias\/wp-content\/uploads\/2022\/11\/IMG-20221112-WA0004-768x510.jpg 768w, https:\/\/blogdorogeriogomes.com.br\/noticias\/wp-content\/uploads\/2022\/11\/IMG-20221112-WA0004-800x531.jpg 800w, https:\/\/blogdorogeriogomes.com.br\/noticias\/wp-content\/uploads\/2022\/11\/IMG-20221112-WA0004.jpg 1288w\" sizes=\"auto, (max-width: 1024px) 100vw, 1024px\" \/><\/figure>\n","protected":false},"excerpt":{"rendered":"<p>Em cerim\u00f4nia a ser realizada na pr\u00f3xima quarta-feira, dia 16 de novembro, o advogado e professor Valdet\u00e1rio Andrade Monteiro tomar\u00e1 posse na Cadeira de n\u00famero 46 da Academia Brasileira de Direito &#8211; ABD, cujo patrono ser\u00e1 o jurista Paulo Bonavides. A escolha de Valdet\u00e1rio Monteiro para a Academia foi comunicada por of\u00edcio de seu presidente, acad\u00eamico Andr\u00e9 Augusto Malcher Meira, feita com base em decis\u00e3o un\u00e2nime dos seus membros e pautada na produ\u00e7\u00e3o intelectual de profissionais que assim se&hellip;<\/p>\n","protected":false},"author":1,"featured_media":27480,"comment_status":"open","ping_status":"open","sticky":false,"template":"","format":"standard","meta":{"footnotes":""},"categories":[1],"tags":[],"class_list":["post-27479","post","type-post","status-publish","format-standard","has-post-thumbnail","hentry","category-noticias"],"_links":{"self":[{"href":"https:\/\/blogdorogeriogomes.com.br\/noticias\/wp-json\/wp\/v2\/posts\/27479","targetHints":{"allow":["GET"]}}],"collection":[{"href":"https:\/\/blogdorogeriogomes.com.br\/noticias\/wp-json\/wp\/v2\/posts"}],"about":[{"href":"https:\/\/blogdorogeriogomes.com.br\/noticias\/wp-json\/wp\/v2\/types\/post"}],"author":[{"embeddable":true,"href":"https:\/\/blogdorogeriogomes.com.br\/noticias\/wp-json\/wp\/v2\/users\/1"}],"replies":[{"embeddable":true,"href":"https:\/\/blogdorogeriogomes.com.br\/noticias\/wp-json\/wp\/v2\/comments?post=27479"}],"version-history":[{"count":1,"href":"https:\/\/blogdorogeriogomes.com.br\/noticias\/wp-json\/wp\/v2\/posts\/27479\/revisions"}],"predecessor-version":[{"id":27481,"href":"https:\/\/blogdorogeriogomes.com.br\/noticias\/wp-json\/wp\/v2\/posts\/27479\/revisions\/27481"}],"wp:featuredmedia":[{"embeddable":true,"href":"https:\/\/blogdorogeriogomes.com.br\/noticias\/wp-json\/wp\/v2\/media\/27480"}],"wp:attachment":[{"href":"https:\/\/blogdorogeriogomes.com.br\/noticias\/wp-json\/wp\/v2\/media?parent=27479"}],"wp:term":[{"taxonomy":"category","embeddable":true,"href":"https:\/\/blogdorogeriogomes.com.br\/noticias\/wp-json\/wp\/v2\/categories?post=27479"},{"taxonomy":"post_tag","embeddable":true,"href":"https:\/\/blogdorogeriogomes.com.br\/noticias\/wp-json\/wp\/v2\/tags?post=27479"}],"curies":[{"name":"wp","href":"https:\/\/api.w.org\/{rel}","templated":true}]}}