{"id":27482,"date":"2022-11-14T13:35:24","date_gmt":"2022-11-14T13:35:24","guid":{"rendered":"https:\/\/blogdorogeriogomes.com.br\/?p=27482"},"modified":"2022-11-14T14:22:34","modified_gmt":"2022-11-14T14:22:34","slug":"lula-viaja-ao-egito-para-participar-da-cop27","status":"publish","type":"post","link":"https:\/\/blogdorogeriogomes.com.br\/noticias\/2022\/11\/lula-viaja-ao-egito-para-participar-da-cop27\/","title":{"rendered":"Lula viaja ao Egito para participar da COP27"},"content":{"rendered":"\n<p>O presidente eleito, Luiz In\u00e1cio&nbsp;Lula da Silva, embarcou nesta segunda-feira, dia 14 de novembro de&nbsp;S\u00e3o Paulo em viagem para o&nbsp;Egito, onde ir\u00e1 participar da COP27, a Confer\u00eancia do Clima da Organiza\u00e7\u00e3o das Na\u00e7\u00f5es Unidas (ONU).&nbsp;<br>&#8220;O combate \u00e0s mudan\u00e7as clim\u00e1ticas deve ser um compromisso do Estado brasileiro. Trabalharemos pelo futuro do nosso pa\u00eds e do planeta, que \u00e9 um s\u00f3 e de todos&#8221;, disse Lula.<br>O evento come\u00e7ou no dia 6 de novembro na cidade eg\u00edpcia de Sharm El Sheikh e discute medidas de enfrentamento \u00e0 mudan\u00e7a clim\u00e1tica. A agenda de Lula no Egito prev\u00ea tamb\u00e9m encontros bilaterais com autoridades de outros pa\u00edses.<\/p>\n\n\n\n<figure class=\"wp-block-image size-full\"><img loading=\"lazy\" decoding=\"async\" width=\"679\" height=\"452\" src=\"https:\/\/blogdorogeriogomes.com.br\/wp-content\/uploads\/2022\/11\/IMG-20221114-WA0000.jpg\" alt=\"\" class=\"wp-image-27483\" srcset=\"https:\/\/blogdorogeriogomes.com.br\/noticias\/wp-content\/uploads\/2022\/11\/IMG-20221114-WA0000.jpg 679w, https:\/\/blogdorogeriogomes.com.br\/noticias\/wp-content\/uploads\/2022\/11\/IMG-20221114-WA0000-300x200.jpg 300w\" sizes=\"auto, (max-width: 679px) 100vw, 679px\" \/><\/figure>\n\n\n\n\n","protected":false},"excerpt":{"rendered":"<p>O presidente eleito, Luiz In\u00e1cio&nbsp;Lula da Silva, embarcou nesta segunda-feira, dia 14 de novembro de&nbsp;S\u00e3o Paulo em viagem para o&nbsp;Egito, onde ir\u00e1 participar da COP27, a Confer\u00eancia do Clima da Organiza\u00e7\u00e3o das Na\u00e7\u00f5es Unidas (ONU).&nbsp;&#8220;O combate \u00e0s mudan\u00e7as clim\u00e1ticas deve ser um compromisso do Estado brasileiro. Trabalharemos pelo futuro do nosso pa\u00eds e do planeta, que \u00e9 um s\u00f3 e de todos&#8221;, disse Lula.O evento come\u00e7ou no dia 6 de novembro na cidade eg\u00edpcia de Sharm El Sheikh e&hellip;<\/p>\n","protected":false},"author":1,"featured_media":27483,"comment_status":"open","ping_status":"open","sticky":false,"template":"","format":"standard","meta":{"footnotes":""},"categories":[1],"tags":[],"class_list":["post-27482","post","type-post","status-publish","format-standard","has-post-thumbnail","hentry","category-noticias"],"_links":{"self":[{"href":"https:\/\/blogdorogeriogomes.com.br\/noticias\/wp-json\/wp\/v2\/posts\/27482","targetHints":{"allow":["GET"]}}],"collection":[{"href":"https:\/\/blogdorogeriogomes.com.br\/noticias\/wp-json\/wp\/v2\/posts"}],"about":[{"href":"https:\/\/blogdorogeriogomes.com.br\/noticias\/wp-json\/wp\/v2\/types\/post"}],"author":[{"embeddable":true,"href":"https:\/\/blogdorogeriogomes.com.br\/noticias\/wp-json\/wp\/v2\/users\/1"}],"replies":[{"embeddable":true,"href":"https:\/\/blogdorogeriogomes.com.br\/noticias\/wp-json\/wp\/v2\/comments?post=27482"}],"version-history":[{"count":1,"href":"https:\/\/blogdorogeriogomes.com.br\/noticias\/wp-json\/wp\/v2\/posts\/27482\/revisions"}],"predecessor-version":[{"id":27484,"href":"https:\/\/blogdorogeriogomes.com.br\/noticias\/wp-json\/wp\/v2\/posts\/27482\/revisions\/27484"}],"wp:featuredmedia":[{"embeddable":true,"href":"https:\/\/blogdorogeriogomes.com.br\/noticias\/wp-json\/wp\/v2\/media\/27483"}],"wp:attachment":[{"href":"https:\/\/blogdorogeriogomes.com.br\/noticias\/wp-json\/wp\/v2\/media?parent=27482"}],"wp:term":[{"taxonomy":"category","embeddable":true,"href":"https:\/\/blogdorogeriogomes.com.br\/noticias\/wp-json\/wp\/v2\/categories?post=27482"},{"taxonomy":"post_tag","embeddable":true,"href":"https:\/\/blogdorogeriogomes.com.br\/noticias\/wp-json\/wp\/v2\/tags?post=27482"}],"curies":[{"name":"wp","href":"https:\/\/api.w.org\/{rel}","templated":true}]}}