{"id":27485,"date":"2022-11-14T14:04:17","date_gmt":"2022-11-14T14:04:17","guid":{"rendered":"https:\/\/blogdorogeriogomes.com.br\/?p=27485"},"modified":"2022-11-14T14:22:16","modified_gmt":"2022-11-14T14:22:16","slug":"governo-do-ceara-inicia-recuperacao-do-gramado-da-arena-castelao-nesta-segunda-feira","status":"publish","type":"post","link":"https:\/\/blogdorogeriogomes.com.br\/noticias\/2022\/11\/governo-do-ceara-inicia-recuperacao-do-gramado-da-arena-castelao-nesta-segunda-feira\/","title":{"rendered":"Governo do Cear\u00e1 inicia recupera\u00e7\u00e3o do gramado da Arena Castel\u00e3o nesta segunda-feira"},"content":{"rendered":"\n<p>Terminada a disputa do Campeonato Brasileiro 2022, o Governo do Cear\u00e1 inicia nesta segunda-feira, dia 14 de novembro, o processo de recupera\u00e7\u00e3o do gramado da Arena Castel\u00e3o, em Fortaleza. Com uma temporada extensa de jogos no est\u00e1dio, o gramado se encontra bastante castigado, o que motivou a reclama\u00e7\u00e3o de muitas equipes que atuaram na Arena Castel\u00e3o.<br>A&nbsp;Secretaria do Esporte e Juventude (Sejuv), juntamente com a Superintend\u00eancia de Obras P\u00fablicas (SOP), coordena os trabalhos. A expectativa \u00e9 que o est\u00e1dio fique fechado at\u00e9 fevereiro de 2023, quando dever\u00e1 voltar a receber jogos das equipes cearenses na temporada do pr\u00f3ximo ano.<\/p>\n\n\n\n<figure class=\"wp-block-image size-full\"><img loading=\"lazy\" decoding=\"async\" width=\"679\" height=\"452\" src=\"https:\/\/blogdorogeriogomes.com.br\/wp-content\/uploads\/2022\/11\/IMG-20221114-WA0001.jpg\" alt=\"\" class=\"wp-image-27486\" srcset=\"https:\/\/blogdorogeriogomes.com.br\/noticias\/wp-content\/uploads\/2022\/11\/IMG-20221114-WA0001.jpg 679w, https:\/\/blogdorogeriogomes.com.br\/noticias\/wp-content\/uploads\/2022\/11\/IMG-20221114-WA0001-300x200.jpg 300w\" sizes=\"auto, (max-width: 679px) 100vw, 679px\" \/><\/figure>\n","protected":false},"excerpt":{"rendered":"<p>Terminada a disputa do Campeonato Brasileiro 2022, o Governo do Cear\u00e1 inicia nesta segunda-feira, dia 14 de novembro, o processo de recupera\u00e7\u00e3o do gramado da Arena Castel\u00e3o, em Fortaleza. Com uma temporada extensa de jogos no est\u00e1dio, o gramado se encontra bastante castigado, o que motivou a reclama\u00e7\u00e3o de muitas equipes que atuaram na Arena Castel\u00e3o.A&nbsp;Secretaria do Esporte e Juventude (Sejuv), juntamente com a Superintend\u00eancia de Obras P\u00fablicas (SOP), coordena os trabalhos. A expectativa \u00e9 que o est\u00e1dio fique&hellip;<\/p>\n","protected":false},"author":1,"featured_media":27486,"comment_status":"open","ping_status":"open","sticky":false,"template":"","format":"standard","meta":{"footnotes":""},"categories":[1],"tags":[],"class_list":["post-27485","post","type-post","status-publish","format-standard","has-post-thumbnail","hentry","category-noticias"],"_links":{"self":[{"href":"https:\/\/blogdorogeriogomes.com.br\/noticias\/wp-json\/wp\/v2\/posts\/27485","targetHints":{"allow":["GET"]}}],"collection":[{"href":"https:\/\/blogdorogeriogomes.com.br\/noticias\/wp-json\/wp\/v2\/posts"}],"about":[{"href":"https:\/\/blogdorogeriogomes.com.br\/noticias\/wp-json\/wp\/v2\/types\/post"}],"author":[{"embeddable":true,"href":"https:\/\/blogdorogeriogomes.com.br\/noticias\/wp-json\/wp\/v2\/users\/1"}],"replies":[{"embeddable":true,"href":"https:\/\/blogdorogeriogomes.com.br\/noticias\/wp-json\/wp\/v2\/comments?post=27485"}],"version-history":[{"count":1,"href":"https:\/\/blogdorogeriogomes.com.br\/noticias\/wp-json\/wp\/v2\/posts\/27485\/revisions"}],"predecessor-version":[{"id":27487,"href":"https:\/\/blogdorogeriogomes.com.br\/noticias\/wp-json\/wp\/v2\/posts\/27485\/revisions\/27487"}],"wp:featuredmedia":[{"embeddable":true,"href":"https:\/\/blogdorogeriogomes.com.br\/noticias\/wp-json\/wp\/v2\/media\/27486"}],"wp:attachment":[{"href":"https:\/\/blogdorogeriogomes.com.br\/noticias\/wp-json\/wp\/v2\/media?parent=27485"}],"wp:term":[{"taxonomy":"category","embeddable":true,"href":"https:\/\/blogdorogeriogomes.com.br\/noticias\/wp-json\/wp\/v2\/categories?post=27485"},{"taxonomy":"post_tag","embeddable":true,"href":"https:\/\/blogdorogeriogomes.com.br\/noticias\/wp-json\/wp\/v2\/tags?post=27485"}],"curies":[{"name":"wp","href":"https:\/\/api.w.org\/{rel}","templated":true}]}}