{"id":27488,"date":"2022-11-16T12:40:46","date_gmt":"2022-11-16T12:40:46","guid":{"rendered":"https:\/\/blogdorogeriogomes.com.br\/?p=27488"},"modified":"2022-11-16T20:41:19","modified_gmt":"2022-11-16T20:41:19","slug":"camilo-santana-e-jose-pimentel-sao-os-mais-novos-integrantes-cearenses-na-transicao-de-lula","status":"publish","type":"post","link":"https:\/\/blogdorogeriogomes.com.br\/noticias\/2022\/11\/camilo-santana-e-jose-pimentel-sao-os-mais-novos-integrantes-cearenses-na-transicao-de-lula\/","title":{"rendered":"Camilo Santana e Jos\u00e9 Pimentel s\u00e3o os mais novos integrantes cearenses na transi\u00e7\u00e3o de Lula"},"content":{"rendered":"\n<p>O senador eleito Camilo Santana (PT) e o ex-senador Jos\u00e9 Pimentel (PT) s\u00e3o os mais novos integrantes cearenses da equipe de transi\u00e7\u00e3o do presidente eleito Luiz In\u00e1cio Lula da Silva (PT).<br>Camilo ficar\u00e1 no grupo t\u00e9cnico de Desenvolvimento Regional, onde tamb\u00e9m est\u00e3o Esther Bermerguy de Albuquerque (economista), Helder Barbalho (governador do Par\u00e1), Otto Alencar (senador), Randolph Rodrigues (senador) e T\u00e2nia Barcelar de Ara\u00fajo (soci\u00f3loga).<br>J\u00e1 o ex-senador Jos\u00e9 Pimentel (PT) foi indicado para exercer o Cargo Especial de Transi\u00e7\u00e3o Governamental.<\/p>\n\n\n\n<figure class=\"wp-block-image size-full\"><img loading=\"lazy\" decoding=\"async\" width=\"679\" height=\"452\" src=\"https:\/\/blogdorogeriogomes.com.br\/wp-content\/uploads\/2022\/11\/IMG-20221116-WA0000.jpg\" alt=\"\" class=\"wp-image-27489\" srcset=\"https:\/\/blogdorogeriogomes.com.br\/noticias\/wp-content\/uploads\/2022\/11\/IMG-20221116-WA0000.jpg 679w, https:\/\/blogdorogeriogomes.com.br\/noticias\/wp-content\/uploads\/2022\/11\/IMG-20221116-WA0000-300x200.jpg 300w\" sizes=\"auto, (max-width: 679px) 100vw, 679px\" \/><\/figure>\n\n\n\n<figure class=\"wp-block-image size-full\"><img loading=\"lazy\" decoding=\"async\" width=\"678\" height=\"451\" src=\"https:\/\/blogdorogeriogomes.com.br\/wp-content\/uploads\/2022\/11\/IMG-20221116-WA0003.jpg\" alt=\"\" class=\"wp-image-27490\" srcset=\"https:\/\/blogdorogeriogomes.com.br\/noticias\/wp-content\/uploads\/2022\/11\/IMG-20221116-WA0003.jpg 678w, https:\/\/blogdorogeriogomes.com.br\/noticias\/wp-content\/uploads\/2022\/11\/IMG-20221116-WA0003-300x200.jpg 300w\" sizes=\"auto, (max-width: 678px) 100vw, 678px\" \/><\/figure>\n","protected":false},"excerpt":{"rendered":"<p>O senador eleito Camilo Santana (PT) e o ex-senador Jos\u00e9 Pimentel (PT) s\u00e3o os mais novos integrantes cearenses da equipe de transi\u00e7\u00e3o do presidente eleito Luiz In\u00e1cio Lula da Silva (PT).Camilo ficar\u00e1 no grupo t\u00e9cnico de Desenvolvimento Regional, onde tamb\u00e9m est\u00e3o Esther Bermerguy de Albuquerque (economista), Helder Barbalho (governador do Par\u00e1), Otto Alencar (senador), Randolph Rodrigues (senador) e T\u00e2nia Barcelar de Ara\u00fajo (soci\u00f3loga).J\u00e1 o ex-senador Jos\u00e9 Pimentel (PT) foi indicado para exercer o Cargo Especial de Transi\u00e7\u00e3o Governamental.<\/p>\n","protected":false},"author":1,"featured_media":27489,"comment_status":"open","ping_status":"open","sticky":false,"template":"","format":"standard","meta":{"footnotes":""},"categories":[1],"tags":[],"class_list":["post-27488","post","type-post","status-publish","format-standard","has-post-thumbnail","hentry","category-noticias"],"_links":{"self":[{"href":"https:\/\/blogdorogeriogomes.com.br\/noticias\/wp-json\/wp\/v2\/posts\/27488","targetHints":{"allow":["GET"]}}],"collection":[{"href":"https:\/\/blogdorogeriogomes.com.br\/noticias\/wp-json\/wp\/v2\/posts"}],"about":[{"href":"https:\/\/blogdorogeriogomes.com.br\/noticias\/wp-json\/wp\/v2\/types\/post"}],"author":[{"embeddable":true,"href":"https:\/\/blogdorogeriogomes.com.br\/noticias\/wp-json\/wp\/v2\/users\/1"}],"replies":[{"embeddable":true,"href":"https:\/\/blogdorogeriogomes.com.br\/noticias\/wp-json\/wp\/v2\/comments?post=27488"}],"version-history":[{"count":1,"href":"https:\/\/blogdorogeriogomes.com.br\/noticias\/wp-json\/wp\/v2\/posts\/27488\/revisions"}],"predecessor-version":[{"id":27491,"href":"https:\/\/blogdorogeriogomes.com.br\/noticias\/wp-json\/wp\/v2\/posts\/27488\/revisions\/27491"}],"wp:featuredmedia":[{"embeddable":true,"href":"https:\/\/blogdorogeriogomes.com.br\/noticias\/wp-json\/wp\/v2\/media\/27489"}],"wp:attachment":[{"href":"https:\/\/blogdorogeriogomes.com.br\/noticias\/wp-json\/wp\/v2\/media?parent=27488"}],"wp:term":[{"taxonomy":"category","embeddable":true,"href":"https:\/\/blogdorogeriogomes.com.br\/noticias\/wp-json\/wp\/v2\/categories?post=27488"},{"taxonomy":"post_tag","embeddable":true,"href":"https:\/\/blogdorogeriogomes.com.br\/noticias\/wp-json\/wp\/v2\/tags?post=27488"}],"curies":[{"name":"wp","href":"https:\/\/api.w.org\/{rel}","templated":true}]}}