{"id":27492,"date":"2022-11-16T12:44:21","date_gmt":"2022-11-16T12:44:21","guid":{"rendered":"https:\/\/blogdorogeriogomes.com.br\/?p=27492"},"modified":"2022-11-16T20:40:57","modified_gmt":"2022-11-16T20:40:57","slug":"lula-discursa-para-governadores-e-tem-encontros-bilaterais-com-eua-e-china-na-cop27","status":"publish","type":"post","link":"https:\/\/blogdorogeriogomes.com.br\/noticias\/2022\/11\/lula-discursa-para-governadores-e-tem-encontros-bilaterais-com-eua-e-china-na-cop27\/","title":{"rendered":"Lula discursa para governadores e tem encontros bilaterais com EUA e China na COP27"},"content":{"rendered":"\n<p>O presidente eleito, Luiz In\u00e1cio Lula da Silva (PT), discursou na manh\u00e3 desta quarta-feira, dia 16 de novembro, na 27\u00aa Confer\u00eancia da ONU sobre Mudan\u00e7as Clim\u00e1ticas (COP27).<br>Lula recebeu dos governadores brasileiros presentes no evento a &#8220;Carta da Amaz\u00f4nia: uma agenda comum para a transi\u00e7\u00e3o clim\u00e1tica\u201d e garantiu que seu governo dar\u00e1 aten\u00e7\u00e3o aos povos ind\u00edgenas e ao combate ao desmatamento.<br>Ele garantiu ainda di\u00e1logo permanente com governadores e prefeitos. Lula disse: &#8220;Vamos voltar a fazer o Brasil conviver democraticamente com seus representantes. N\u00e3o \u00e9 poss\u00edvel que um presidente da Rep\u00fablica n\u00e3o fa\u00e7a reuni\u00f5es com governadores. N\u00e3o \u00e9 poss\u00edvel que um presidente da Rep\u00fablica pense que \u00e9 capaz de governar o Brasil sem levar em conta as necessidades dos estados e das cidades.&#8221;<br>No Egito, Lula j\u00e1 se encontrou com John Kerry, dos Estados Unidos, e Xie Zhenhua, da China, que representam seus pa\u00edses, as duas maiores economias do mundo no debate clim\u00e1tico na COP27.<\/p>\n\n\n\n<figure class=\"wp-block-image size-full\"><img loading=\"lazy\" decoding=\"async\" width=\"960\" height=\"793\" src=\"https:\/\/blogdorogeriogomes.com.br\/wp-content\/uploads\/2022\/11\/IMG-20221116-WA0002.jpg\" alt=\"\" class=\"wp-image-27493\" srcset=\"https:\/\/blogdorogeriogomes.com.br\/noticias\/wp-content\/uploads\/2022\/11\/IMG-20221116-WA0002.jpg 960w, https:\/\/blogdorogeriogomes.com.br\/noticias\/wp-content\/uploads\/2022\/11\/IMG-20221116-WA0002-300x248.jpg 300w, https:\/\/blogdorogeriogomes.com.br\/noticias\/wp-content\/uploads\/2022\/11\/IMG-20221116-WA0002-768x634.jpg 768w, https:\/\/blogdorogeriogomes.com.br\/noticias\/wp-content\/uploads\/2022\/11\/IMG-20221116-WA0002-800x661.jpg 800w\" sizes=\"auto, (max-width: 960px) 100vw, 960px\" \/><\/figure>\n\n\n\n<figure class=\"wp-block-image size-full\"><img loading=\"lazy\" decoding=\"async\" width=\"960\" height=\"746\" src=\"https:\/\/blogdorogeriogomes.com.br\/wp-content\/uploads\/2022\/11\/IMG-20221116-WA0001.jpg\" alt=\"\" class=\"wp-image-27494\" srcset=\"https:\/\/blogdorogeriogomes.com.br\/noticias\/wp-content\/uploads\/2022\/11\/IMG-20221116-WA0001.jpg 960w, https:\/\/blogdorogeriogomes.com.br\/noticias\/wp-content\/uploads\/2022\/11\/IMG-20221116-WA0001-300x233.jpg 300w, https:\/\/blogdorogeriogomes.com.br\/noticias\/wp-content\/uploads\/2022\/11\/IMG-20221116-WA0001-768x597.jpg 768w, https:\/\/blogdorogeriogomes.com.br\/noticias\/wp-content\/uploads\/2022\/11\/IMG-20221116-WA0001-800x622.jpg 800w\" sizes=\"auto, (max-width: 960px) 100vw, 960px\" \/><\/figure>\n","protected":false},"excerpt":{"rendered":"<p>O presidente eleito, Luiz In\u00e1cio Lula da Silva (PT), discursou na manh\u00e3 desta quarta-feira, dia 16 de novembro, na 27\u00aa Confer\u00eancia da ONU sobre Mudan\u00e7as Clim\u00e1ticas (COP27).Lula recebeu dos governadores brasileiros presentes no evento a &#8220;Carta da Amaz\u00f4nia: uma agenda comum para a transi\u00e7\u00e3o clim\u00e1tica\u201d e garantiu que seu governo dar\u00e1 aten\u00e7\u00e3o aos povos ind\u00edgenas e ao combate ao desmatamento.Ele garantiu ainda di\u00e1logo permanente com governadores e prefeitos. Lula disse: &#8220;Vamos voltar a fazer o Brasil conviver democraticamente com&hellip;<\/p>\n","protected":false},"author":1,"featured_media":27493,"comment_status":"open","ping_status":"open","sticky":false,"template":"","format":"standard","meta":{"footnotes":""},"categories":[1],"tags":[],"class_list":["post-27492","post","type-post","status-publish","format-standard","has-post-thumbnail","hentry","category-noticias"],"_links":{"self":[{"href":"https:\/\/blogdorogeriogomes.com.br\/noticias\/wp-json\/wp\/v2\/posts\/27492","targetHints":{"allow":["GET"]}}],"collection":[{"href":"https:\/\/blogdorogeriogomes.com.br\/noticias\/wp-json\/wp\/v2\/posts"}],"about":[{"href":"https:\/\/blogdorogeriogomes.com.br\/noticias\/wp-json\/wp\/v2\/types\/post"}],"author":[{"embeddable":true,"href":"https:\/\/blogdorogeriogomes.com.br\/noticias\/wp-json\/wp\/v2\/users\/1"}],"replies":[{"embeddable":true,"href":"https:\/\/blogdorogeriogomes.com.br\/noticias\/wp-json\/wp\/v2\/comments?post=27492"}],"version-history":[{"count":1,"href":"https:\/\/blogdorogeriogomes.com.br\/noticias\/wp-json\/wp\/v2\/posts\/27492\/revisions"}],"predecessor-version":[{"id":27495,"href":"https:\/\/blogdorogeriogomes.com.br\/noticias\/wp-json\/wp\/v2\/posts\/27492\/revisions\/27495"}],"wp:featuredmedia":[{"embeddable":true,"href":"https:\/\/blogdorogeriogomes.com.br\/noticias\/wp-json\/wp\/v2\/media\/27493"}],"wp:attachment":[{"href":"https:\/\/blogdorogeriogomes.com.br\/noticias\/wp-json\/wp\/v2\/media?parent=27492"}],"wp:term":[{"taxonomy":"category","embeddable":true,"href":"https:\/\/blogdorogeriogomes.com.br\/noticias\/wp-json\/wp\/v2\/categories?post=27492"},{"taxonomy":"post_tag","embeddable":true,"href":"https:\/\/blogdorogeriogomes.com.br\/noticias\/wp-json\/wp\/v2\/tags?post=27492"}],"curies":[{"name":"wp","href":"https:\/\/api.w.org\/{rel}","templated":true}]}}