{"id":27498,"date":"2022-11-16T23:47:09","date_gmt":"2022-11-16T23:47:09","guid":{"rendered":"https:\/\/blogdorogeriogomes.com.br\/?p=27498"},"modified":"2022-11-17T14:36:49","modified_gmt":"2022-11-17T14:36:49","slug":"governadora-izolda-cela-envia-para-assembleia-legislativa-o-projeto-de-pagamento-dos-precatorios-dos-professores","status":"publish","type":"post","link":"https:\/\/blogdorogeriogomes.com.br\/noticias\/2022\/11\/governadora-izolda-cela-envia-para-assembleia-legislativa-o-projeto-de-pagamento-dos-precatorios-dos-professores\/","title":{"rendered":"Governadora Izolda Cela envia para Assembleia Legislativa o projeto de pagamento dos precat\u00f3rios dos professores"},"content":{"rendered":"\n<p>A governadora do Cear\u00e1, Izolda Cela, encaminhou \u00e0 Assembleia Legislativa, nesta quarta-feira, dia 16 de novembro, o projeto de lei que garante o pagamento de 60% dos precat\u00f3rios do Fundef aos professores. No total, ser\u00e3o beneficiados cerca de 50 mil profissionais da educa\u00e7\u00e3o, que estiveram em exerc\u00edcio na rede estadual entre 1998 e 2006. O valor da 1\u00aa parcela, de R$ 709,2 milh\u00f5es, ser\u00e1 rateado em forma de abono aos profissionais.<br>Al\u00e9m disso, recentemente foram atendidas duas reivindica\u00e7\u00f5es importantes da categoria: uma delas garante que o Imposto de Renda desse pagamento n\u00e3o ser\u00e1 cobrado dos profissionais e a outra estabelece que os juros sobre esses recursos tamb\u00e9m ser\u00e3o destinados para o pagamento dos professores.<br>&#8220;Lembro que o Governo do Estado ingressou, em setembro, com pedido junto ao Supremo Tribunal Federal para a transfer\u00eancia dos 60% referentes aos precat\u00f3rios \u00e0 Caixa Econ\u00f4mica Federal, para podermos realizar o pagamento do abono aos professores. Seguimos investindo para garantir uma educa\u00e7\u00e3o cada vez melhor para todos os cearenses&#8221;, destacou Izolda Cela.<\/p>\n\n\n\n<figure class=\"wp-block-image size-full\"><img loading=\"lazy\" decoding=\"async\" width=\"828\" height=\"536\" src=\"https:\/\/blogdorogeriogomes.com.br\/wp-content\/uploads\/2022\/11\/IMG-20221116-WA0004.jpg\" alt=\"\" class=\"wp-image-27499\" srcset=\"https:\/\/blogdorogeriogomes.com.br\/noticias\/wp-content\/uploads\/2022\/11\/IMG-20221116-WA0004.jpg 828w, https:\/\/blogdorogeriogomes.com.br\/noticias\/wp-content\/uploads\/2022\/11\/IMG-20221116-WA0004-300x194.jpg 300w, https:\/\/blogdorogeriogomes.com.br\/noticias\/wp-content\/uploads\/2022\/11\/IMG-20221116-WA0004-768x497.jpg 768w, https:\/\/blogdorogeriogomes.com.br\/noticias\/wp-content\/uploads\/2022\/11\/IMG-20221116-WA0004-800x518.jpg 800w\" sizes=\"auto, (max-width: 828px) 100vw, 828px\" \/><\/figure>\n","protected":false},"excerpt":{"rendered":"<p>A governadora do Cear\u00e1, Izolda Cela, encaminhou \u00e0 Assembleia Legislativa, nesta quarta-feira, dia 16 de novembro, o projeto de lei que garante o pagamento de 60% dos precat\u00f3rios do Fundef aos professores. No total, ser\u00e3o beneficiados cerca de 50 mil profissionais da educa\u00e7\u00e3o, que estiveram em exerc\u00edcio na rede estadual entre 1998 e 2006. O valor da 1\u00aa parcela, de R$ 709,2 milh\u00f5es, ser\u00e1 rateado em forma de abono aos profissionais.Al\u00e9m disso, recentemente foram atendidas duas reivindica\u00e7\u00f5es importantes da&hellip;<\/p>\n","protected":false},"author":1,"featured_media":27499,"comment_status":"open","ping_status":"open","sticky":false,"template":"","format":"standard","meta":{"footnotes":""},"categories":[1],"tags":[],"class_list":["post-27498","post","type-post","status-publish","format-standard","has-post-thumbnail","hentry","category-noticias"],"_links":{"self":[{"href":"https:\/\/blogdorogeriogomes.com.br\/noticias\/wp-json\/wp\/v2\/posts\/27498","targetHints":{"allow":["GET"]}}],"collection":[{"href":"https:\/\/blogdorogeriogomes.com.br\/noticias\/wp-json\/wp\/v2\/posts"}],"about":[{"href":"https:\/\/blogdorogeriogomes.com.br\/noticias\/wp-json\/wp\/v2\/types\/post"}],"author":[{"embeddable":true,"href":"https:\/\/blogdorogeriogomes.com.br\/noticias\/wp-json\/wp\/v2\/users\/1"}],"replies":[{"embeddable":true,"href":"https:\/\/blogdorogeriogomes.com.br\/noticias\/wp-json\/wp\/v2\/comments?post=27498"}],"version-history":[{"count":1,"href":"https:\/\/blogdorogeriogomes.com.br\/noticias\/wp-json\/wp\/v2\/posts\/27498\/revisions"}],"predecessor-version":[{"id":27500,"href":"https:\/\/blogdorogeriogomes.com.br\/noticias\/wp-json\/wp\/v2\/posts\/27498\/revisions\/27500"}],"wp:featuredmedia":[{"embeddable":true,"href":"https:\/\/blogdorogeriogomes.com.br\/noticias\/wp-json\/wp\/v2\/media\/27499"}],"wp:attachment":[{"href":"https:\/\/blogdorogeriogomes.com.br\/noticias\/wp-json\/wp\/v2\/media?parent=27498"}],"wp:term":[{"taxonomy":"category","embeddable":true,"href":"https:\/\/blogdorogeriogomes.com.br\/noticias\/wp-json\/wp\/v2\/categories?post=27498"},{"taxonomy":"post_tag","embeddable":true,"href":"https:\/\/blogdorogeriogomes.com.br\/noticias\/wp-json\/wp\/v2\/tags?post=27498"}],"curies":[{"name":"wp","href":"https:\/\/api.w.org\/{rel}","templated":true}]}}