{"id":27501,"date":"2022-11-17T14:33:04","date_gmt":"2022-11-17T14:33:04","guid":{"rendered":"https:\/\/blogdorogeriogomes.com.br\/?p=27501"},"modified":"2022-11-17T14:36:34","modified_gmt":"2022-11-17T14:36:34","slug":"desistencia-de-leo-couto-deixa-caminho-aberto-para-vereador-gardel-rolim-ser-presidente-da-camara-municipal-de-fortaleza","status":"publish","type":"post","link":"https:\/\/blogdorogeriogomes.com.br\/noticias\/2022\/11\/desistencia-de-leo-couto-deixa-caminho-aberto-para-vereador-gardel-rolim-ser-presidente-da-camara-municipal-de-fortaleza\/","title":{"rendered":"Desist\u00eancia de L\u00e9o Couto deixa caminho aberto para vereador Gardel Rolim ser presidente da C\u00e2mara Municipal de Fortaleza"},"content":{"rendered":"\n<p>O vereador L\u00e9o Couto (PSB) anunciou nesta quarta-feira, dia 16 de novembro, a sua desist\u00eancia em concorrer \u00e0 Presid\u00eancia da C\u00e2mara Municipal de Fortaleza ap\u00f3s uma conversa com o senador Cid Gomes. Assim, o caminho fica livre para o l\u00edder do prefeito Jos\u00e9 Sarto na Casa, vereador Gardel Rolim (PDT) se tornar novo presidente da C\u00e2mara Municipal. Gardel dever\u00e1 ser candidato \u00fanico e j\u00e1 vinha apresentando um n\u00famero de apoiadores que garantia sua elei\u00e7\u00e3o.<br>A vota\u00e7\u00e3o para a presid\u00eancia do Legislativo da Capital acontecer\u00e1 dia 1\u00b0 de dezembro em substitui\u00e7\u00e3o ao atual presidente Ant\u00f4nio Henrique (PDT), que assumir\u00e1 em fevereiro de 2023 o mandato de deputado estadual.<br>At\u00e9 a elei\u00e7\u00e3o de 1\u00b0 de dezembro, Gardel Rolim deve cuidar da forma\u00e7\u00e3o da Mesa Diretora que dever\u00e1 reunir vereadores de v\u00e1rios partidos, a fim de buscar uma unifica\u00e7\u00e3o e evitar disputa entre situa\u00e7\u00e3o e oposi\u00e7\u00e3o.<\/p>\n\n\n\n<figure class=\"wp-block-image size-full\"><img loading=\"lazy\" decoding=\"async\" width=\"1020\" height=\"590\" src=\"https:\/\/blogdorogeriogomes.com.br\/wp-content\/uploads\/2022\/11\/IMG-20221117-WA0000.jpg\" alt=\"\" class=\"wp-image-27502\" srcset=\"https:\/\/blogdorogeriogomes.com.br\/noticias\/wp-content\/uploads\/2022\/11\/IMG-20221117-WA0000.jpg 1020w, https:\/\/blogdorogeriogomes.com.br\/noticias\/wp-content\/uploads\/2022\/11\/IMG-20221117-WA0000-300x174.jpg 300w, https:\/\/blogdorogeriogomes.com.br\/noticias\/wp-content\/uploads\/2022\/11\/IMG-20221117-WA0000-768x444.jpg 768w, https:\/\/blogdorogeriogomes.com.br\/noticias\/wp-content\/uploads\/2022\/11\/IMG-20221117-WA0000-800x463.jpg 800w\" sizes=\"auto, (max-width: 1020px) 100vw, 1020px\" \/><\/figure>\n","protected":false},"excerpt":{"rendered":"<p>O vereador L\u00e9o Couto (PSB) anunciou nesta quarta-feira, dia 16 de novembro, a sua desist\u00eancia em concorrer \u00e0 Presid\u00eancia da C\u00e2mara Municipal de Fortaleza ap\u00f3s uma conversa com o senador Cid Gomes. Assim, o caminho fica livre para o l\u00edder do prefeito Jos\u00e9 Sarto na Casa, vereador Gardel Rolim (PDT) se tornar novo presidente da C\u00e2mara Municipal. Gardel dever\u00e1 ser candidato \u00fanico e j\u00e1 vinha apresentando um n\u00famero de apoiadores que garantia sua elei\u00e7\u00e3o.A vota\u00e7\u00e3o para a presid\u00eancia do&hellip;<\/p>\n","protected":false},"author":1,"featured_media":27502,"comment_status":"open","ping_status":"open","sticky":false,"template":"","format":"standard","meta":{"footnotes":""},"categories":[1],"tags":[],"class_list":["post-27501","post","type-post","status-publish","format-standard","has-post-thumbnail","hentry","category-noticias"],"_links":{"self":[{"href":"https:\/\/blogdorogeriogomes.com.br\/noticias\/wp-json\/wp\/v2\/posts\/27501","targetHints":{"allow":["GET"]}}],"collection":[{"href":"https:\/\/blogdorogeriogomes.com.br\/noticias\/wp-json\/wp\/v2\/posts"}],"about":[{"href":"https:\/\/blogdorogeriogomes.com.br\/noticias\/wp-json\/wp\/v2\/types\/post"}],"author":[{"embeddable":true,"href":"https:\/\/blogdorogeriogomes.com.br\/noticias\/wp-json\/wp\/v2\/users\/1"}],"replies":[{"embeddable":true,"href":"https:\/\/blogdorogeriogomes.com.br\/noticias\/wp-json\/wp\/v2\/comments?post=27501"}],"version-history":[{"count":1,"href":"https:\/\/blogdorogeriogomes.com.br\/noticias\/wp-json\/wp\/v2\/posts\/27501\/revisions"}],"predecessor-version":[{"id":27503,"href":"https:\/\/blogdorogeriogomes.com.br\/noticias\/wp-json\/wp\/v2\/posts\/27501\/revisions\/27503"}],"wp:featuredmedia":[{"embeddable":true,"href":"https:\/\/blogdorogeriogomes.com.br\/noticias\/wp-json\/wp\/v2\/media\/27502"}],"wp:attachment":[{"href":"https:\/\/blogdorogeriogomes.com.br\/noticias\/wp-json\/wp\/v2\/media?parent=27501"}],"wp:term":[{"taxonomy":"category","embeddable":true,"href":"https:\/\/blogdorogeriogomes.com.br\/noticias\/wp-json\/wp\/v2\/categories?post=27501"},{"taxonomy":"post_tag","embeddable":true,"href":"https:\/\/blogdorogeriogomes.com.br\/noticias\/wp-json\/wp\/v2\/tags?post=27501"}],"curies":[{"name":"wp","href":"https:\/\/api.w.org\/{rel}","templated":true}]}}