{"id":27511,"date":"2022-11-18T01:01:17","date_gmt":"2022-11-18T01:01:17","guid":{"rendered":"https:\/\/blogdorogeriogomes.com.br\/?p=27511"},"modified":"2022-11-22T12:40:35","modified_gmt":"2022-11-22T12:40:35","slug":"governo-estadual-assina-contrato-com-o-bid-para-programa-ceara-digital","status":"publish","type":"post","link":"https:\/\/blogdorogeriogomes.com.br\/noticias\/2022\/11\/governo-estadual-assina-contrato-com-o-bid-para-programa-ceara-digital\/","title":{"rendered":"Governo Estadual assina contrato com o BID para programa Cear\u00e1 Digital"},"content":{"rendered":"\n<p>Na tarde desta quinta-feira, dia 17 de novembro, a governadora Izolda Cela se reuniu com Morgan Doyle, representante do Banco Interamericano de Desenvolvimento (BID) no Brasil, no Pal\u00e1cio da Aboli\u00e7\u00e3o, onde assinou contrato que direciona cr\u00e9dito de mais de US$ 30 milh\u00f5es de d\u00f3lares para programa de transforma\u00e7\u00e3o digital do governo estadual: o Cear\u00e1 Mais Digital. O governador eleito, Elmano de Freitas, tamb\u00e9m esteve presente na reuni\u00e3o.<br>O Programa Cear\u00e1 Mais Digital, que ser\u00e1 financiado pelo novo cr\u00e9dito, tem o objetivo de ampliar o acesso aos servi\u00e7os p\u00fablicos digitais no Estado do Cear\u00e1, melhorar a efetividade e a efici\u00eancia da gest\u00e3o p\u00fablica por meio da transforma\u00e7\u00e3o digital e melhorar a conectividade digital.<\/p>\n\n\n\n<figure class=\"wp-block-image size-large\"><img loading=\"lazy\" decoding=\"async\" width=\"1024\" height=\"714\" src=\"https:\/\/blogdorogeriogomes.com.br\/wp-content\/uploads\/2022\/11\/IMG-20221117-WA0007-1024x714.jpg\" alt=\"\" class=\"wp-image-27512\" srcset=\"https:\/\/blogdorogeriogomes.com.br\/noticias\/wp-content\/uploads\/2022\/11\/IMG-20221117-WA0007-1024x714.jpg 1024w, https:\/\/blogdorogeriogomes.com.br\/noticias\/wp-content\/uploads\/2022\/11\/IMG-20221117-WA0007-300x209.jpg 300w, https:\/\/blogdorogeriogomes.com.br\/noticias\/wp-content\/uploads\/2022\/11\/IMG-20221117-WA0007-768x535.jpg 768w, https:\/\/blogdorogeriogomes.com.br\/noticias\/wp-content\/uploads\/2022\/11\/IMG-20221117-WA0007-800x558.jpg 800w, https:\/\/blogdorogeriogomes.com.br\/noticias\/wp-content\/uploads\/2022\/11\/IMG-20221117-WA0007.jpg 1080w\" sizes=\"auto, (max-width: 1024px) 100vw, 1024px\" \/><\/figure>\n","protected":false},"excerpt":{"rendered":"<p>Na tarde desta quinta-feira, dia 17 de novembro, a governadora Izolda Cela se reuniu com Morgan Doyle, representante do Banco Interamericano de Desenvolvimento (BID) no Brasil, no Pal\u00e1cio da Aboli\u00e7\u00e3o, onde assinou contrato que direciona cr\u00e9dito de mais de US$ 30 milh\u00f5es de d\u00f3lares para programa de transforma\u00e7\u00e3o digital do governo estadual: o Cear\u00e1 Mais Digital. O governador eleito, Elmano de Freitas, tamb\u00e9m esteve presente na reuni\u00e3o.O Programa Cear\u00e1 Mais Digital, que ser\u00e1 financiado pelo novo cr\u00e9dito, tem o&hellip;<\/p>\n","protected":false},"author":1,"featured_media":27512,"comment_status":"open","ping_status":"open","sticky":false,"template":"","format":"standard","meta":{"footnotes":""},"categories":[1],"tags":[],"class_list":["post-27511","post","type-post","status-publish","format-standard","has-post-thumbnail","hentry","category-noticias"],"_links":{"self":[{"href":"https:\/\/blogdorogeriogomes.com.br\/noticias\/wp-json\/wp\/v2\/posts\/27511","targetHints":{"allow":["GET"]}}],"collection":[{"href":"https:\/\/blogdorogeriogomes.com.br\/noticias\/wp-json\/wp\/v2\/posts"}],"about":[{"href":"https:\/\/blogdorogeriogomes.com.br\/noticias\/wp-json\/wp\/v2\/types\/post"}],"author":[{"embeddable":true,"href":"https:\/\/blogdorogeriogomes.com.br\/noticias\/wp-json\/wp\/v2\/users\/1"}],"replies":[{"embeddable":true,"href":"https:\/\/blogdorogeriogomes.com.br\/noticias\/wp-json\/wp\/v2\/comments?post=27511"}],"version-history":[{"count":1,"href":"https:\/\/blogdorogeriogomes.com.br\/noticias\/wp-json\/wp\/v2\/posts\/27511\/revisions"}],"predecessor-version":[{"id":27513,"href":"https:\/\/blogdorogeriogomes.com.br\/noticias\/wp-json\/wp\/v2\/posts\/27511\/revisions\/27513"}],"wp:featuredmedia":[{"embeddable":true,"href":"https:\/\/blogdorogeriogomes.com.br\/noticias\/wp-json\/wp\/v2\/media\/27512"}],"wp:attachment":[{"href":"https:\/\/blogdorogeriogomes.com.br\/noticias\/wp-json\/wp\/v2\/media?parent=27511"}],"wp:term":[{"taxonomy":"category","embeddable":true,"href":"https:\/\/blogdorogeriogomes.com.br\/noticias\/wp-json\/wp\/v2\/categories?post=27511"},{"taxonomy":"post_tag","embeddable":true,"href":"https:\/\/blogdorogeriogomes.com.br\/noticias\/wp-json\/wp\/v2\/tags?post=27511"}],"curies":[{"name":"wp","href":"https:\/\/api.w.org\/{rel}","templated":true}]}}