{"id":27514,"date":"2022-11-18T11:12:12","date_gmt":"2022-11-18T11:12:12","guid":{"rendered":"https:\/\/blogdorogeriogomes.com.br\/?p=27514"},"modified":"2022-11-22T12:40:28","modified_gmt":"2022-11-22T12:40:28","slug":"casos-de-covid-19-crescem-no-ceara-em-seis-vezes-nas-ultimas-duas-semanas","status":"publish","type":"post","link":"https:\/\/blogdorogeriogomes.com.br\/noticias\/2022\/11\/casos-de-covid-19-crescem-no-ceara-em-seis-vezes-nas-ultimas-duas-semanas\/","title":{"rendered":"Casos de Covid-19 crescem no Cear\u00e1 em seis vezes nas \u00faltimas duas semanas"},"content":{"rendered":"\n<p>A subvariante da Omicron continua avan\u00e7ando no Pa\u00eds. No Cear\u00e1, o n\u00famero de casos confirmados de Covid-19 aumentou mais de seis vezes no per\u00edodo de duas semanas. O total de confirma\u00e7\u00f5es subiu de 225 para 1.482 entre a segunda metade de outubro e a primeira quinzena de novembro. O que equivale a uma varia\u00e7\u00e3o de 558% no per\u00edodo.&nbsp;<br>De acordo com a Secretaria de Sa\u00fade do Cear\u00e1, entre as regi\u00f5es de Sa\u00fade do Estado, a maior varia\u00e7\u00e3o foi na regi\u00e3o de Fortaleza, que subiu de 115 para 1.004 (773%).<br>As autoridades da sa\u00fade avaliam que n\u00e3o est\u00e1 sendo observado aumento de interna\u00e7\u00f5es com casos graves e \u00f3bitos devido \u00e0 vacina\u00e7\u00e3o.<\/p>\n\n\n\n<figure class=\"wp-block-image size-full\"><img loading=\"lazy\" decoding=\"async\" width=\"818\" height=\"459\" src=\"https:\/\/blogdorogeriogomes.com.br\/wp-content\/uploads\/2022\/11\/IMG-20221118-WA0000.jpg\" alt=\"\" class=\"wp-image-27515\" srcset=\"https:\/\/blogdorogeriogomes.com.br\/noticias\/wp-content\/uploads\/2022\/11\/IMG-20221118-WA0000.jpg 818w, https:\/\/blogdorogeriogomes.com.br\/noticias\/wp-content\/uploads\/2022\/11\/IMG-20221118-WA0000-300x168.jpg 300w, https:\/\/blogdorogeriogomes.com.br\/noticias\/wp-content\/uploads\/2022\/11\/IMG-20221118-WA0000-768x431.jpg 768w, https:\/\/blogdorogeriogomes.com.br\/noticias\/wp-content\/uploads\/2022\/11\/IMG-20221118-WA0000-800x449.jpg 800w\" sizes=\"auto, (max-width: 818px) 100vw, 818px\" \/><\/figure>\n","protected":false},"excerpt":{"rendered":"<p>A subvariante da Omicron continua avan\u00e7ando no Pa\u00eds. No Cear\u00e1, o n\u00famero de casos confirmados de Covid-19 aumentou mais de seis vezes no per\u00edodo de duas semanas. O total de confirma\u00e7\u00f5es subiu de 225 para 1.482 entre a segunda metade de outubro e a primeira quinzena de novembro. O que equivale a uma varia\u00e7\u00e3o de 558% no per\u00edodo.&nbsp;De acordo com a Secretaria de Sa\u00fade do Cear\u00e1, entre as regi\u00f5es de Sa\u00fade do Estado, a maior varia\u00e7\u00e3o foi na regi\u00e3o&hellip;<\/p>\n","protected":false},"author":1,"featured_media":27515,"comment_status":"open","ping_status":"open","sticky":false,"template":"","format":"standard","meta":{"footnotes":""},"categories":[1],"tags":[],"class_list":["post-27514","post","type-post","status-publish","format-standard","has-post-thumbnail","hentry","category-noticias"],"_links":{"self":[{"href":"https:\/\/blogdorogeriogomes.com.br\/noticias\/wp-json\/wp\/v2\/posts\/27514","targetHints":{"allow":["GET"]}}],"collection":[{"href":"https:\/\/blogdorogeriogomes.com.br\/noticias\/wp-json\/wp\/v2\/posts"}],"about":[{"href":"https:\/\/blogdorogeriogomes.com.br\/noticias\/wp-json\/wp\/v2\/types\/post"}],"author":[{"embeddable":true,"href":"https:\/\/blogdorogeriogomes.com.br\/noticias\/wp-json\/wp\/v2\/users\/1"}],"replies":[{"embeddable":true,"href":"https:\/\/blogdorogeriogomes.com.br\/noticias\/wp-json\/wp\/v2\/comments?post=27514"}],"version-history":[{"count":1,"href":"https:\/\/blogdorogeriogomes.com.br\/noticias\/wp-json\/wp\/v2\/posts\/27514\/revisions"}],"predecessor-version":[{"id":27516,"href":"https:\/\/blogdorogeriogomes.com.br\/noticias\/wp-json\/wp\/v2\/posts\/27514\/revisions\/27516"}],"wp:featuredmedia":[{"embeddable":true,"href":"https:\/\/blogdorogeriogomes.com.br\/noticias\/wp-json\/wp\/v2\/media\/27515"}],"wp:attachment":[{"href":"https:\/\/blogdorogeriogomes.com.br\/noticias\/wp-json\/wp\/v2\/media?parent=27514"}],"wp:term":[{"taxonomy":"category","embeddable":true,"href":"https:\/\/blogdorogeriogomes.com.br\/noticias\/wp-json\/wp\/v2\/categories?post=27514"},{"taxonomy":"post_tag","embeddable":true,"href":"https:\/\/blogdorogeriogomes.com.br\/noticias\/wp-json\/wp\/v2\/tags?post=27514"}],"curies":[{"name":"wp","href":"https:\/\/api.w.org\/{rel}","templated":true}]}}