{"id":27517,"date":"2022-11-18T11:14:23","date_gmt":"2022-11-18T11:14:23","guid":{"rendered":"https:\/\/blogdorogeriogomes.com.br\/?p=27517"},"modified":"2022-11-22T12:40:20","modified_gmt":"2022-11-22T12:40:20","slug":"oab-ceara-consegue-liminar-para-impedir-cobranca-na-area-de-embarque-e-desembarque-do-aeroporto-de-fortaleza","status":"publish","type":"post","link":"https:\/\/blogdorogeriogomes.com.br\/noticias\/2022\/11\/oab-ceara-consegue-liminar-para-impedir-cobranca-na-area-de-embarque-e-desembarque-do-aeroporto-de-fortaleza\/","title":{"rendered":"OAB Cear\u00e1 consegue liminar para impedir cobran\u00e7a na \u00e1rea de embarque e desembarque do Aeroporto de Fortaleza"},"content":{"rendered":"\n<p>A Ordem dos Advogados do Brasil (OAB-CE) conseguiu, nesta quinta-feira, dia 17 de novembro, uma liminar contra a cobran\u00e7a da Fraport, empresa que administra o Aeroporto de Fortaleza, pela utiliza\u00e7\u00e3o da \u00e1rea de embarque e desembarque de passageiros do aeroporto Internacional da capital.<br>A Fraport anunciou, em julho deste ano, a implementa\u00e7\u00e3o de um novo formato de acesso de ve\u00edculos ao meio-fio. Com a mudan\u00e7a, motoristas que passam mais de 10 minutos nas depend\u00eancias do equipamento s\u00e3o tarifados em R$ 20 por cada per\u00edodo de 10 minutos excedidos.<\/p>\n\n\n\n<figure class=\"wp-block-image size-full\"><img loading=\"lazy\" decoding=\"async\" width=\"984\" height=\"579\" src=\"https:\/\/blogdorogeriogomes.com.br\/wp-content\/uploads\/2022\/11\/IMG-20221118-WA0001.jpg\" alt=\"\" class=\"wp-image-27518\" srcset=\"https:\/\/blogdorogeriogomes.com.br\/noticias\/wp-content\/uploads\/2022\/11\/IMG-20221118-WA0001.jpg 984w, https:\/\/blogdorogeriogomes.com.br\/noticias\/wp-content\/uploads\/2022\/11\/IMG-20221118-WA0001-300x177.jpg 300w, https:\/\/blogdorogeriogomes.com.br\/noticias\/wp-content\/uploads\/2022\/11\/IMG-20221118-WA0001-768x452.jpg 768w, https:\/\/blogdorogeriogomes.com.br\/noticias\/wp-content\/uploads\/2022\/11\/IMG-20221118-WA0001-800x471.jpg 800w\" sizes=\"auto, (max-width: 984px) 100vw, 984px\" \/><\/figure>\n","protected":false},"excerpt":{"rendered":"<p>A Ordem dos Advogados do Brasil (OAB-CE) conseguiu, nesta quinta-feira, dia 17 de novembro, uma liminar contra a cobran\u00e7a da Fraport, empresa que administra o Aeroporto de Fortaleza, pela utiliza\u00e7\u00e3o da \u00e1rea de embarque e desembarque de passageiros do aeroporto Internacional da capital.A Fraport anunciou, em julho deste ano, a implementa\u00e7\u00e3o de um novo formato de acesso de ve\u00edculos ao meio-fio. Com a mudan\u00e7a, motoristas que passam mais de 10 minutos nas depend\u00eancias do equipamento s\u00e3o tarifados em R$&hellip;<\/p>\n","protected":false},"author":1,"featured_media":27518,"comment_status":"open","ping_status":"open","sticky":false,"template":"","format":"standard","meta":{"footnotes":""},"categories":[1],"tags":[],"class_list":["post-27517","post","type-post","status-publish","format-standard","has-post-thumbnail","hentry","category-noticias"],"_links":{"self":[{"href":"https:\/\/blogdorogeriogomes.com.br\/noticias\/wp-json\/wp\/v2\/posts\/27517","targetHints":{"allow":["GET"]}}],"collection":[{"href":"https:\/\/blogdorogeriogomes.com.br\/noticias\/wp-json\/wp\/v2\/posts"}],"about":[{"href":"https:\/\/blogdorogeriogomes.com.br\/noticias\/wp-json\/wp\/v2\/types\/post"}],"author":[{"embeddable":true,"href":"https:\/\/blogdorogeriogomes.com.br\/noticias\/wp-json\/wp\/v2\/users\/1"}],"replies":[{"embeddable":true,"href":"https:\/\/blogdorogeriogomes.com.br\/noticias\/wp-json\/wp\/v2\/comments?post=27517"}],"version-history":[{"count":1,"href":"https:\/\/blogdorogeriogomes.com.br\/noticias\/wp-json\/wp\/v2\/posts\/27517\/revisions"}],"predecessor-version":[{"id":27519,"href":"https:\/\/blogdorogeriogomes.com.br\/noticias\/wp-json\/wp\/v2\/posts\/27517\/revisions\/27519"}],"wp:featuredmedia":[{"embeddable":true,"href":"https:\/\/blogdorogeriogomes.com.br\/noticias\/wp-json\/wp\/v2\/media\/27518"}],"wp:attachment":[{"href":"https:\/\/blogdorogeriogomes.com.br\/noticias\/wp-json\/wp\/v2\/media?parent=27517"}],"wp:term":[{"taxonomy":"category","embeddable":true,"href":"https:\/\/blogdorogeriogomes.com.br\/noticias\/wp-json\/wp\/v2\/categories?post=27517"},{"taxonomy":"post_tag","embeddable":true,"href":"https:\/\/blogdorogeriogomes.com.br\/noticias\/wp-json\/wp\/v2\/tags?post=27517"}],"curies":[{"name":"wp","href":"https:\/\/api.w.org\/{rel}","templated":true}]}}