{"id":27520,"date":"2022-11-19T09:12:30","date_gmt":"2022-11-19T09:12:30","guid":{"rendered":"https:\/\/blogdorogeriogomes.com.br\/?p=27520"},"modified":"2022-11-22T12:39:50","modified_gmt":"2022-11-22T12:39:50","slug":"ceara-natal-de-luz-e-aberto-com-coral-e-shows-na-praca-do-ferreira","status":"publish","type":"post","link":"https:\/\/blogdorogeriogomes.com.br\/noticias\/2022\/11\/ceara-natal-de-luz-e-aberto-com-coral-e-shows-na-praca-do-ferreira\/","title":{"rendered":"Cear\u00e1 Natal de Luz \u00e9 aberto com coral e shows na Pra\u00e7a do Ferreira"},"content":{"rendered":"\n<p>Com o tema \u201cPlante amor, Seja Luz!&#8221;, a 26\u00aa edi\u00e7\u00e3o do Cear\u00e1 Natal de Luz foi aberta nesta sexta-feira, dia 18 de novembro, na Pra\u00e7a do Ferreira, em Fortaleza. A programa\u00e7\u00e3o gratuita de eventos, promovida pela C\u00e2mara de Dirigentes Lojistas (CDL Fortaleza) segue&nbsp;at\u00e9 23 de dezembro com apresenta\u00e7\u00f5es art\u00edstico-culturais e a\u00e7\u00f5es focadas no meio ambiente e em sustentabilidade.&nbsp;<br>O evento teve apresenta\u00e7\u00f5es de Marcos Lessa, acompanhado da Orquestra Villa Lobos, regida por Poty Fontenelle; Banda do Col\u00e9gio Militar do Corpo de Bombeiros;&nbsp;Coral da Luz, al\u00e9m de Waldonys e Faf\u00e1 de Bel\u00e9m.<br>A&nbsp;Pra\u00e7a Portugal tamb\u00e9m receber\u00e1, mais uma vez, a programa\u00e7\u00e3o cultural do Cear\u00e1 Natal de Luz, a partir de 2 de dezembro.<br>Quem tamb\u00e9m retorna ao Cear\u00e1 Natal de Luz neste ano \u00e9&nbsp;o cantor Jorge Vercilo, com show na Pra\u00e7a Portugal, no dia 10 de dezembro.<\/p>\n\n\n\n<figure class=\"wp-block-image size-full\"><img loading=\"lazy\" decoding=\"async\" width=\"984\" height=\"656\" src=\"https:\/\/blogdorogeriogomes.com.br\/wp-content\/uploads\/2022\/11\/IMG-20221119-WA0000.jpg\" alt=\"\" class=\"wp-image-27521\" srcset=\"https:\/\/blogdorogeriogomes.com.br\/noticias\/wp-content\/uploads\/2022\/11\/IMG-20221119-WA0000.jpg 984w, https:\/\/blogdorogeriogomes.com.br\/noticias\/wp-content\/uploads\/2022\/11\/IMG-20221119-WA0000-300x200.jpg 300w, https:\/\/blogdorogeriogomes.com.br\/noticias\/wp-content\/uploads\/2022\/11\/IMG-20221119-WA0000-768x512.jpg 768w, https:\/\/blogdorogeriogomes.com.br\/noticias\/wp-content\/uploads\/2022\/11\/IMG-20221119-WA0000-800x533.jpg 800w\" sizes=\"auto, (max-width: 984px) 100vw, 984px\" \/><\/figure>\n","protected":false},"excerpt":{"rendered":"<p>Com o tema \u201cPlante amor, Seja Luz!&#8221;, a 26\u00aa edi\u00e7\u00e3o do Cear\u00e1 Natal de Luz foi aberta nesta sexta-feira, dia 18 de novembro, na Pra\u00e7a do Ferreira, em Fortaleza. A programa\u00e7\u00e3o gratuita de eventos, promovida pela C\u00e2mara de Dirigentes Lojistas (CDL Fortaleza) segue&nbsp;at\u00e9 23 de dezembro com apresenta\u00e7\u00f5es art\u00edstico-culturais e a\u00e7\u00f5es focadas no meio ambiente e em sustentabilidade.&nbsp;O evento teve apresenta\u00e7\u00f5es de Marcos Lessa, acompanhado da Orquestra Villa Lobos, regida por Poty Fontenelle; Banda do Col\u00e9gio Militar do Corpo&hellip;<\/p>\n","protected":false},"author":1,"featured_media":27521,"comment_status":"open","ping_status":"open","sticky":false,"template":"","format":"standard","meta":{"footnotes":""},"categories":[1],"tags":[],"class_list":["post-27520","post","type-post","status-publish","format-standard","has-post-thumbnail","hentry","category-noticias"],"_links":{"self":[{"href":"https:\/\/blogdorogeriogomes.com.br\/noticias\/wp-json\/wp\/v2\/posts\/27520","targetHints":{"allow":["GET"]}}],"collection":[{"href":"https:\/\/blogdorogeriogomes.com.br\/noticias\/wp-json\/wp\/v2\/posts"}],"about":[{"href":"https:\/\/blogdorogeriogomes.com.br\/noticias\/wp-json\/wp\/v2\/types\/post"}],"author":[{"embeddable":true,"href":"https:\/\/blogdorogeriogomes.com.br\/noticias\/wp-json\/wp\/v2\/users\/1"}],"replies":[{"embeddable":true,"href":"https:\/\/blogdorogeriogomes.com.br\/noticias\/wp-json\/wp\/v2\/comments?post=27520"}],"version-history":[{"count":1,"href":"https:\/\/blogdorogeriogomes.com.br\/noticias\/wp-json\/wp\/v2\/posts\/27520\/revisions"}],"predecessor-version":[{"id":27522,"href":"https:\/\/blogdorogeriogomes.com.br\/noticias\/wp-json\/wp\/v2\/posts\/27520\/revisions\/27522"}],"wp:featuredmedia":[{"embeddable":true,"href":"https:\/\/blogdorogeriogomes.com.br\/noticias\/wp-json\/wp\/v2\/media\/27521"}],"wp:attachment":[{"href":"https:\/\/blogdorogeriogomes.com.br\/noticias\/wp-json\/wp\/v2\/media?parent=27520"}],"wp:term":[{"taxonomy":"category","embeddable":true,"href":"https:\/\/blogdorogeriogomes.com.br\/noticias\/wp-json\/wp\/v2\/categories?post=27520"},{"taxonomy":"post_tag","embeddable":true,"href":"https:\/\/blogdorogeriogomes.com.br\/noticias\/wp-json\/wp\/v2\/tags?post=27520"}],"curies":[{"name":"wp","href":"https:\/\/api.w.org\/{rel}","templated":true}]}}