{"id":27523,"date":"2022-11-19T09:16:21","date_gmt":"2022-11-19T09:16:21","guid":{"rendered":"https:\/\/blogdorogeriogomes.com.br\/?p=27523"},"modified":"2022-11-22T12:39:40","modified_gmt":"2022-11-22T12:39:40","slug":"em-portugal-lula-reforca-compromisso-com-responsabilidade-fiscal-mas-sem-ficar-refem-dos-especuladores-do-mercado-financeiro","status":"publish","type":"post","link":"https:\/\/blogdorogeriogomes.com.br\/noticias\/2022\/11\/em-portugal-lula-reforca-compromisso-com-responsabilidade-fiscal-mas-sem-ficar-refem-dos-especuladores-do-mercado-financeiro\/","title":{"rendered":"Em Portugal, Lula refor\u00e7a compromisso com responsabilidade fiscal, mas sem ficar ref\u00e9m dos especuladores do mercado financeiro"},"content":{"rendered":"\n<p>Em visita a Lisboa, Portugal, onde teve um encontro com o primeiro-ministro portugu\u00eas, Antonio Costa, o presidente eleito Luiz In\u00e1cio Lula da Silva (PT) refor\u00e7ou que o seu futuro governo vai conciliar responsabilidade fiscal e direitos sociais. &#8220;Vamos voltar a ser respons\u00e1veis sob o ponto de vista fiscal sem precisar atender tudo o que o sistema financeiro quer. Fui eleito para cuidar de 215 milh\u00f5es de brasileiros, sobretudo, das pessoas mais necessitadas&#8221;, disse o petista.<br>Lula refor\u00e7ou que &#8220;responsabilidade fiscal a gente aprende dentro de casa&#8221;. &#8220;\u00c9 importante que a gente tome cuidado para n\u00e3o ser v\u00edtima da especula\u00e7\u00e3o&#8221;, acrescentou Lula. &#8220;Vou cuidar do povo. Tenho um compromisso com o povo. Vou voltar a aumentar o sal\u00e1rio m\u00ednimo todo ano&#8221;, disse.&nbsp;<br>Nos \u00faltimos dias, setores do mercado financeiro t\u00eam reagido \u00e0s medidas anunciadas pelo futuro Governo Lula em benef\u00edcio dos mais pobres, como \u00e9 o caso da PEC da Transi\u00e7\u00e3o.<\/p>\n\n\n\n<figure class=\"wp-block-image size-large\"><img loading=\"lazy\" decoding=\"async\" width=\"1024\" height=\"492\" src=\"https:\/\/blogdorogeriogomes.com.br\/wp-content\/uploads\/2022\/11\/IMG-20221119-WA0002-1024x492.jpg\" alt=\"\" class=\"wp-image-27524\" srcset=\"https:\/\/blogdorogeriogomes.com.br\/noticias\/wp-content\/uploads\/2022\/11\/IMG-20221119-WA0002-1024x492.jpg 1024w, https:\/\/blogdorogeriogomes.com.br\/noticias\/wp-content\/uploads\/2022\/11\/IMG-20221119-WA0002-300x144.jpg 300w, https:\/\/blogdorogeriogomes.com.br\/noticias\/wp-content\/uploads\/2022\/11\/IMG-20221119-WA0002-768x369.jpg 768w, https:\/\/blogdorogeriogomes.com.br\/noticias\/wp-content\/uploads\/2022\/11\/IMG-20221119-WA0002-800x384.jpg 800w, https:\/\/blogdorogeriogomes.com.br\/noticias\/wp-content\/uploads\/2022\/11\/IMG-20221119-WA0002.jpg 1250w\" sizes=\"auto, (max-width: 1024px) 100vw, 1024px\" \/><\/figure>\n","protected":false},"excerpt":{"rendered":"<p>Em visita a Lisboa, Portugal, onde teve um encontro com o primeiro-ministro portugu\u00eas, Antonio Costa, o presidente eleito Luiz In\u00e1cio Lula da Silva (PT) refor\u00e7ou que o seu futuro governo vai conciliar responsabilidade fiscal e direitos sociais. &#8220;Vamos voltar a ser respons\u00e1veis sob o ponto de vista fiscal sem precisar atender tudo o que o sistema financeiro quer. Fui eleito para cuidar de 215 milh\u00f5es de brasileiros, sobretudo, das pessoas mais necessitadas&#8221;, disse o petista.Lula refor\u00e7ou que &#8220;responsabilidade fiscal&hellip;<\/p>\n","protected":false},"author":1,"featured_media":27524,"comment_status":"open","ping_status":"open","sticky":false,"template":"","format":"standard","meta":{"footnotes":""},"categories":[1],"tags":[],"class_list":["post-27523","post","type-post","status-publish","format-standard","has-post-thumbnail","hentry","category-noticias"],"_links":{"self":[{"href":"https:\/\/blogdorogeriogomes.com.br\/noticias\/wp-json\/wp\/v2\/posts\/27523","targetHints":{"allow":["GET"]}}],"collection":[{"href":"https:\/\/blogdorogeriogomes.com.br\/noticias\/wp-json\/wp\/v2\/posts"}],"about":[{"href":"https:\/\/blogdorogeriogomes.com.br\/noticias\/wp-json\/wp\/v2\/types\/post"}],"author":[{"embeddable":true,"href":"https:\/\/blogdorogeriogomes.com.br\/noticias\/wp-json\/wp\/v2\/users\/1"}],"replies":[{"embeddable":true,"href":"https:\/\/blogdorogeriogomes.com.br\/noticias\/wp-json\/wp\/v2\/comments?post=27523"}],"version-history":[{"count":1,"href":"https:\/\/blogdorogeriogomes.com.br\/noticias\/wp-json\/wp\/v2\/posts\/27523\/revisions"}],"predecessor-version":[{"id":27525,"href":"https:\/\/blogdorogeriogomes.com.br\/noticias\/wp-json\/wp\/v2\/posts\/27523\/revisions\/27525"}],"wp:featuredmedia":[{"embeddable":true,"href":"https:\/\/blogdorogeriogomes.com.br\/noticias\/wp-json\/wp\/v2\/media\/27524"}],"wp:attachment":[{"href":"https:\/\/blogdorogeriogomes.com.br\/noticias\/wp-json\/wp\/v2\/media?parent=27523"}],"wp:term":[{"taxonomy":"category","embeddable":true,"href":"https:\/\/blogdorogeriogomes.com.br\/noticias\/wp-json\/wp\/v2\/categories?post=27523"},{"taxonomy":"post_tag","embeddable":true,"href":"https:\/\/blogdorogeriogomes.com.br\/noticias\/wp-json\/wp\/v2\/tags?post=27523"}],"curies":[{"name":"wp","href":"https:\/\/api.w.org\/{rel}","templated":true}]}}