{"id":27529,"date":"2022-11-22T01:11:59","date_gmt":"2022-11-22T01:11:59","guid":{"rendered":"https:\/\/blogdorogeriogomes.com.br\/?p=27529"},"modified":"2022-11-22T12:39:25","modified_gmt":"2022-11-22T12:39:25","slug":"cdl-de-fortaleza-recebe-governador-eleito-elmano-de-freitas-para-apresentar-demandas-do-setor-do-comercio","status":"publish","type":"post","link":"https:\/\/blogdorogeriogomes.com.br\/noticias\/2022\/11\/cdl-de-fortaleza-recebe-governador-eleito-elmano-de-freitas-para-apresentar-demandas-do-setor-do-comercio\/","title":{"rendered":"CDL de Fortaleza recebe governador eleito Elmano de Freitas para apresentar demandas do setor do com\u00e9rcio"},"content":{"rendered":"\n<p>A C\u00e2mara de Dirigentes Lojistas de Fortaleza recebeu hoje o governador eleito Elmano de Freitas para um caf\u00e9 da manh\u00e3, quando foram apresentadas demandas do setor do com\u00e9rcio.<br>O governador eleito Elmano de Freitas foi recebido por diretores e pelo presidente da CDL de Fortaleza, Assis Cavalcante. O encontro serviu para que a entidade apresentasse as principais reivindica\u00e7\u00f5es ao futuro chefe do executivo estadual. A maior preocupa\u00e7\u00e3o dos lojistas est\u00e1 direcionada para melhorar o movimento do com\u00e9rcio no Centro da capital.<br>Durante a campanha, o governador eleito Elmano de Freitas prometeu investimentos na gera\u00e7\u00e3o de emprego. O com\u00e9rcio \u00e9 um dos setores a serem beneficiados.<br>No encontro com os lojistas de Fortaleza, Elmano de Freitas tamb\u00e9m ressaltou a necessidade de ouvir os diversos setores para definir obras estruturantes para 2023 que devem ser executadas em parceria com o Governo Federal.<\/p>\n\n\n\n<figure class=\"wp-block-image size-large\"><img loading=\"lazy\" decoding=\"async\" width=\"1024\" height=\"768\" src=\"https:\/\/blogdorogeriogomes.com.br\/wp-content\/uploads\/2022\/11\/IMG-20221121-WA0000-1024x768.jpg\" alt=\"\" class=\"wp-image-27530\" srcset=\"https:\/\/blogdorogeriogomes.com.br\/noticias\/wp-content\/uploads\/2022\/11\/IMG-20221121-WA0000-1024x768.jpg 1024w, https:\/\/blogdorogeriogomes.com.br\/noticias\/wp-content\/uploads\/2022\/11\/IMG-20221121-WA0000-300x225.jpg 300w, https:\/\/blogdorogeriogomes.com.br\/noticias\/wp-content\/uploads\/2022\/11\/IMG-20221121-WA0000-768x576.jpg 768w, https:\/\/blogdorogeriogomes.com.br\/noticias\/wp-content\/uploads\/2022\/11\/IMG-20221121-WA0000-1536x1152.jpg 1536w, https:\/\/blogdorogeriogomes.com.br\/noticias\/wp-content\/uploads\/2022\/11\/IMG-20221121-WA0000-800x600.jpg 800w, https:\/\/blogdorogeriogomes.com.br\/noticias\/wp-content\/uploads\/2022\/11\/IMG-20221121-WA0000-400x300.jpg 400w, https:\/\/blogdorogeriogomes.com.br\/noticias\/wp-content\/uploads\/2022\/11\/IMG-20221121-WA0000.jpg 1600w\" sizes=\"auto, (max-width: 1024px) 100vw, 1024px\" \/><\/figure>\n","protected":false},"excerpt":{"rendered":"<p>A C\u00e2mara de Dirigentes Lojistas de Fortaleza recebeu hoje o governador eleito Elmano de Freitas para um caf\u00e9 da manh\u00e3, quando foram apresentadas demandas do setor do com\u00e9rcio.O governador eleito Elmano de Freitas foi recebido por diretores e pelo presidente da CDL de Fortaleza, Assis Cavalcante. O encontro serviu para que a entidade apresentasse as principais reivindica\u00e7\u00f5es ao futuro chefe do executivo estadual. A maior preocupa\u00e7\u00e3o dos lojistas est\u00e1 direcionada para melhorar o movimento do com\u00e9rcio no Centro da&hellip;<\/p>\n","protected":false},"author":1,"featured_media":27530,"comment_status":"open","ping_status":"open","sticky":false,"template":"","format":"standard","meta":{"footnotes":""},"categories":[1],"tags":[],"class_list":["post-27529","post","type-post","status-publish","format-standard","has-post-thumbnail","hentry","category-noticias"],"_links":{"self":[{"href":"https:\/\/blogdorogeriogomes.com.br\/noticias\/wp-json\/wp\/v2\/posts\/27529","targetHints":{"allow":["GET"]}}],"collection":[{"href":"https:\/\/blogdorogeriogomes.com.br\/noticias\/wp-json\/wp\/v2\/posts"}],"about":[{"href":"https:\/\/blogdorogeriogomes.com.br\/noticias\/wp-json\/wp\/v2\/types\/post"}],"author":[{"embeddable":true,"href":"https:\/\/blogdorogeriogomes.com.br\/noticias\/wp-json\/wp\/v2\/users\/1"}],"replies":[{"embeddable":true,"href":"https:\/\/blogdorogeriogomes.com.br\/noticias\/wp-json\/wp\/v2\/comments?post=27529"}],"version-history":[{"count":1,"href":"https:\/\/blogdorogeriogomes.com.br\/noticias\/wp-json\/wp\/v2\/posts\/27529\/revisions"}],"predecessor-version":[{"id":27531,"href":"https:\/\/blogdorogeriogomes.com.br\/noticias\/wp-json\/wp\/v2\/posts\/27529\/revisions\/27531"}],"wp:featuredmedia":[{"embeddable":true,"href":"https:\/\/blogdorogeriogomes.com.br\/noticias\/wp-json\/wp\/v2\/media\/27530"}],"wp:attachment":[{"href":"https:\/\/blogdorogeriogomes.com.br\/noticias\/wp-json\/wp\/v2\/media?parent=27529"}],"wp:term":[{"taxonomy":"category","embeddable":true,"href":"https:\/\/blogdorogeriogomes.com.br\/noticias\/wp-json\/wp\/v2\/categories?post=27529"},{"taxonomy":"post_tag","embeddable":true,"href":"https:\/\/blogdorogeriogomes.com.br\/noticias\/wp-json\/wp\/v2\/tags?post=27529"}],"curies":[{"name":"wp","href":"https:\/\/api.w.org\/{rel}","templated":true}]}}