{"id":27532,"date":"2022-11-22T01:13:44","date_gmt":"2022-11-22T01:13:44","guid":{"rendered":"https:\/\/blogdorogeriogomes.com.br\/?p=27532"},"modified":"2022-11-22T12:39:16","modified_gmt":"2022-11-22T12:39:16","slug":"izolda-cela-viaja-a-inglaterra-e-evandro-leitao-assume-governo-do-estado","status":"publish","type":"post","link":"https:\/\/blogdorogeriogomes.com.br\/noticias\/2022\/11\/izolda-cela-viaja-a-inglaterra-e-evandro-leitao-assume-governo-do-estado\/","title":{"rendered":"Izolda Cela viaja a Inglaterra e Evandro Leit\u00e3o assume Governo do Estado"},"content":{"rendered":"\n<p>A partir desta ter\u00e7a-feira, dia 22 de novembro, o presidente da Assembleia Legislativa do Cear\u00e1, Evandro Leit\u00e3o, estar\u00e1 interinamente \u00e0 frente do Governo do Cear\u00e1. Durante esta semana, a governadora Izolda Cela estar\u00e1 participando do evento internacional \u201cEncontro de Lideran\u00e7as\u201d, na Universidade de Oxford, na Inglaterra. O semin\u00e1rio \u00e9 organizado pela Funda\u00e7\u00e3o Lemann.<br>Em virtude da viagem, Evandro Leit\u00e3o assume como governador em exerc\u00edcio at\u00e9 o dia 27 de novembro. &#8220;Desejo um \u00f3timo trabalho e boa sorte ao presidente Evandro na condu\u00e7\u00e3o do Governo do Estado&#8221;, disse Izolda Cela.<\/p>\n\n\n\n<figure class=\"wp-block-image size-full\"><img loading=\"lazy\" decoding=\"async\" width=\"987\" height=\"663\" src=\"https:\/\/blogdorogeriogomes.com.br\/wp-content\/uploads\/2022\/11\/IMG-20221121-WA0001.jpg\" alt=\"\" class=\"wp-image-27533\" srcset=\"https:\/\/blogdorogeriogomes.com.br\/noticias\/wp-content\/uploads\/2022\/11\/IMG-20221121-WA0001.jpg 987w, https:\/\/blogdorogeriogomes.com.br\/noticias\/wp-content\/uploads\/2022\/11\/IMG-20221121-WA0001-300x202.jpg 300w, https:\/\/blogdorogeriogomes.com.br\/noticias\/wp-content\/uploads\/2022\/11\/IMG-20221121-WA0001-768x516.jpg 768w, https:\/\/blogdorogeriogomes.com.br\/noticias\/wp-content\/uploads\/2022\/11\/IMG-20221121-WA0001-800x537.jpg 800w\" sizes=\"auto, (max-width: 987px) 100vw, 987px\" \/><\/figure>\n","protected":false},"excerpt":{"rendered":"<p>A partir desta ter\u00e7a-feira, dia 22 de novembro, o presidente da Assembleia Legislativa do Cear\u00e1, Evandro Leit\u00e3o, estar\u00e1 interinamente \u00e0 frente do Governo do Cear\u00e1. Durante esta semana, a governadora Izolda Cela estar\u00e1 participando do evento internacional \u201cEncontro de Lideran\u00e7as\u201d, na Universidade de Oxford, na Inglaterra. O semin\u00e1rio \u00e9 organizado pela Funda\u00e7\u00e3o Lemann.Em virtude da viagem, Evandro Leit\u00e3o assume como governador em exerc\u00edcio at\u00e9 o dia 27 de novembro. &#8220;Desejo um \u00f3timo trabalho e boa sorte ao presidente Evandro&hellip;<\/p>\n","protected":false},"author":1,"featured_media":27533,"comment_status":"open","ping_status":"open","sticky":false,"template":"","format":"standard","meta":{"footnotes":""},"categories":[1],"tags":[],"class_list":["post-27532","post","type-post","status-publish","format-standard","has-post-thumbnail","hentry","category-noticias"],"_links":{"self":[{"href":"https:\/\/blogdorogeriogomes.com.br\/noticias\/wp-json\/wp\/v2\/posts\/27532","targetHints":{"allow":["GET"]}}],"collection":[{"href":"https:\/\/blogdorogeriogomes.com.br\/noticias\/wp-json\/wp\/v2\/posts"}],"about":[{"href":"https:\/\/blogdorogeriogomes.com.br\/noticias\/wp-json\/wp\/v2\/types\/post"}],"author":[{"embeddable":true,"href":"https:\/\/blogdorogeriogomes.com.br\/noticias\/wp-json\/wp\/v2\/users\/1"}],"replies":[{"embeddable":true,"href":"https:\/\/blogdorogeriogomes.com.br\/noticias\/wp-json\/wp\/v2\/comments?post=27532"}],"version-history":[{"count":1,"href":"https:\/\/blogdorogeriogomes.com.br\/noticias\/wp-json\/wp\/v2\/posts\/27532\/revisions"}],"predecessor-version":[{"id":27534,"href":"https:\/\/blogdorogeriogomes.com.br\/noticias\/wp-json\/wp\/v2\/posts\/27532\/revisions\/27534"}],"wp:featuredmedia":[{"embeddable":true,"href":"https:\/\/blogdorogeriogomes.com.br\/noticias\/wp-json\/wp\/v2\/media\/27533"}],"wp:attachment":[{"href":"https:\/\/blogdorogeriogomes.com.br\/noticias\/wp-json\/wp\/v2\/media?parent=27532"}],"wp:term":[{"taxonomy":"category","embeddable":true,"href":"https:\/\/blogdorogeriogomes.com.br\/noticias\/wp-json\/wp\/v2\/categories?post=27532"},{"taxonomy":"post_tag","embeddable":true,"href":"https:\/\/blogdorogeriogomes.com.br\/noticias\/wp-json\/wp\/v2\/tags?post=27532"}],"curies":[{"name":"wp","href":"https:\/\/api.w.org\/{rel}","templated":true}]}}