{"id":27535,"date":"2022-11-22T01:15:25","date_gmt":"2022-11-22T01:15:25","guid":{"rendered":"https:\/\/blogdorogeriogomes.com.br\/?p=27535"},"modified":"2022-11-22T12:39:05","modified_gmt":"2022-11-22T12:39:05","slug":"apos-fala-golpista-ministro-do-tcu-pede-licenca-medica-e-pode-ser-denunciado-pelo-stf","status":"publish","type":"post","link":"https:\/\/blogdorogeriogomes.com.br\/noticias\/2022\/11\/apos-fala-golpista-ministro-do-tcu-pede-licenca-medica-e-pode-ser-denunciado-pelo-stf\/","title":{"rendered":"Ap\u00f3s fala golpista, ministro do TCU pede licen\u00e7a m\u00e9dica e pode ser denunciado pelo STF"},"content":{"rendered":"\n<p>O ministro Augusto Nardes, do Tribunal de Contas da Uni\u00e3o (TCU), entrou com pedido de licen\u00e7a m\u00e9dica a partir desta segunda-feira, dia 21 de novembro, um dia depois da divulga\u00e7\u00e3o de declara\u00e7\u00f5es de cunho golpista&nbsp;feitas por ele em um grupo de WhatsApp de empres\u00e1rios do agroneg\u00f3cios.<br>Na mensagem a ruralistas, Nardes afirma que &#8220;est\u00e1 acontecendo um movimento muito forte nas casernas&#8221; e que \u00e9 uma quest\u00e3o de &#8220;horas, dias no m\u00e1ximo, uma semana, duas, talvez menos do que isso&#8221; para que ocorra um &#8220;desenlace bastante forte na na\u00e7\u00e3o, de consequ\u00eancias imprevis\u00edveis&#8221;.<br>Parlamentares da bancada do PT na C\u00e2mara dos Deputados protocolaram ainda na noite desta segunda-feira uma not\u00edcia-crime no Supremo Tribunal Federal (STF) contra o ministro do Tribunal de Contas da Uni\u00e3o (TCU) Augusto Nardes ap\u00f3s ele ter defendido um golpe de Estado no pa\u00eds.<\/p>\n\n\n\n<figure class=\"wp-block-image size-large\"><img loading=\"lazy\" decoding=\"async\" width=\"1024\" height=\"492\" src=\"https:\/\/blogdorogeriogomes.com.br\/wp-content\/uploads\/2022\/11\/IMG-20221121-WA0002-1024x492.jpg\" alt=\"\" class=\"wp-image-27536\" srcset=\"https:\/\/blogdorogeriogomes.com.br\/noticias\/wp-content\/uploads\/2022\/11\/IMG-20221121-WA0002-1024x492.jpg 1024w, https:\/\/blogdorogeriogomes.com.br\/noticias\/wp-content\/uploads\/2022\/11\/IMG-20221121-WA0002-300x144.jpg 300w, https:\/\/blogdorogeriogomes.com.br\/noticias\/wp-content\/uploads\/2022\/11\/IMG-20221121-WA0002-768x369.jpg 768w, https:\/\/blogdorogeriogomes.com.br\/noticias\/wp-content\/uploads\/2022\/11\/IMG-20221121-WA0002-800x384.jpg 800w, https:\/\/blogdorogeriogomes.com.br\/noticias\/wp-content\/uploads\/2022\/11\/IMG-20221121-WA0002.jpg 1250w\" sizes=\"auto, (max-width: 1024px) 100vw, 1024px\" \/><\/figure>\n","protected":false},"excerpt":{"rendered":"<p>O ministro Augusto Nardes, do Tribunal de Contas da Uni\u00e3o (TCU), entrou com pedido de licen\u00e7a m\u00e9dica a partir desta segunda-feira, dia 21 de novembro, um dia depois da divulga\u00e7\u00e3o de declara\u00e7\u00f5es de cunho golpista&nbsp;feitas por ele em um grupo de WhatsApp de empres\u00e1rios do agroneg\u00f3cios.Na mensagem a ruralistas, Nardes afirma que &#8220;est\u00e1 acontecendo um movimento muito forte nas casernas&#8221; e que \u00e9 uma quest\u00e3o de &#8220;horas, dias no m\u00e1ximo, uma semana, duas, talvez menos do que isso&#8221; para&hellip;<\/p>\n","protected":false},"author":1,"featured_media":27536,"comment_status":"open","ping_status":"open","sticky":false,"template":"","format":"standard","meta":{"footnotes":""},"categories":[1],"tags":[],"class_list":["post-27535","post","type-post","status-publish","format-standard","has-post-thumbnail","hentry","category-noticias"],"_links":{"self":[{"href":"https:\/\/blogdorogeriogomes.com.br\/noticias\/wp-json\/wp\/v2\/posts\/27535","targetHints":{"allow":["GET"]}}],"collection":[{"href":"https:\/\/blogdorogeriogomes.com.br\/noticias\/wp-json\/wp\/v2\/posts"}],"about":[{"href":"https:\/\/blogdorogeriogomes.com.br\/noticias\/wp-json\/wp\/v2\/types\/post"}],"author":[{"embeddable":true,"href":"https:\/\/blogdorogeriogomes.com.br\/noticias\/wp-json\/wp\/v2\/users\/1"}],"replies":[{"embeddable":true,"href":"https:\/\/blogdorogeriogomes.com.br\/noticias\/wp-json\/wp\/v2\/comments?post=27535"}],"version-history":[{"count":1,"href":"https:\/\/blogdorogeriogomes.com.br\/noticias\/wp-json\/wp\/v2\/posts\/27535\/revisions"}],"predecessor-version":[{"id":27537,"href":"https:\/\/blogdorogeriogomes.com.br\/noticias\/wp-json\/wp\/v2\/posts\/27535\/revisions\/27537"}],"wp:featuredmedia":[{"embeddable":true,"href":"https:\/\/blogdorogeriogomes.com.br\/noticias\/wp-json\/wp\/v2\/media\/27536"}],"wp:attachment":[{"href":"https:\/\/blogdorogeriogomes.com.br\/noticias\/wp-json\/wp\/v2\/media?parent=27535"}],"wp:term":[{"taxonomy":"category","embeddable":true,"href":"https:\/\/blogdorogeriogomes.com.br\/noticias\/wp-json\/wp\/v2\/categories?post=27535"},{"taxonomy":"post_tag","embeddable":true,"href":"https:\/\/blogdorogeriogomes.com.br\/noticias\/wp-json\/wp\/v2\/tags?post=27535"}],"curies":[{"name":"wp","href":"https:\/\/api.w.org\/{rel}","templated":true}]}}