{"id":27538,"date":"2022-11-22T10:36:00","date_gmt":"2022-11-22T10:36:00","guid":{"rendered":"https:\/\/blogdorogeriogomes.com.br\/?p=27538"},"modified":"2022-11-22T12:38:53","modified_gmt":"2022-11-22T12:38:53","slug":"numero-de-pessoas-que-tomou-a-quarta-dose-da-vacina-contra-a-covid-19-nao-passa-de-30","status":"publish","type":"post","link":"https:\/\/blogdorogeriogomes.com.br\/noticias\/2022\/11\/numero-de-pessoas-que-tomou-a-quarta-dose-da-vacina-contra-a-covid-19-nao-passa-de-30\/","title":{"rendered":"N\u00famero de pessoas que tomou a quarta dose da vacina contra a Covid-19 n\u00e3o passa de 30%"},"content":{"rendered":"\n<p>Autoridades de sa\u00fade continuam refor\u00e7ando a necessidade de as pessoas colocarem em dia o seu esquema vacinal contra a Covid-19. Diante de uma poss\u00edvel quinta onda da doen\u00e7a, a Secretaria de Sa\u00fade de Fortaleza mostra preocupa\u00e7\u00e3o com a cobertura do refor\u00e7o vacinal da popula\u00e7\u00e3o adulta, bem como as primeiras doses de crian\u00e7as e adolescentes. Apenas 30% da popula\u00e7\u00e3o acima de 18 anos da Capital recebeu as quatro doses dispon\u00edveis contra a infec\u00e7\u00e3o. Nas \u00faltimas semanas, a&nbsp;procura por testes aumentou, tal como a busca pela vacina, principalmente as doses de refor\u00e7o.&nbsp;<br>&#8220;Que as pessoas usem m\u00e1scara em ambientes fechados, como transporte p\u00fablico e elevador, e em locais abertos com aglomera\u00e7\u00e3o. Al\u00e9m de intensificar a higiene das m\u00e3os&#8221;, disse a secret\u00e1ria de Sa\u00fade de Fortaleza, Ana Estela Leite.<\/p>\n\n\n\n<figure class=\"wp-block-image size-full\"><img loading=\"lazy\" decoding=\"async\" width=\"723\" height=\"424\" src=\"https:\/\/blogdorogeriogomes.com.br\/wp-content\/uploads\/2022\/11\/IMG-20221122-WA0000.jpg\" alt=\"\" class=\"wp-image-27539\" srcset=\"https:\/\/blogdorogeriogomes.com.br\/noticias\/wp-content\/uploads\/2022\/11\/IMG-20221122-WA0000.jpg 723w, https:\/\/blogdorogeriogomes.com.br\/noticias\/wp-content\/uploads\/2022\/11\/IMG-20221122-WA0000-300x176.jpg 300w\" sizes=\"auto, (max-width: 723px) 100vw, 723px\" \/><\/figure>\n","protected":false},"excerpt":{"rendered":"<p>Autoridades de sa\u00fade continuam refor\u00e7ando a necessidade de as pessoas colocarem em dia o seu esquema vacinal contra a Covid-19. Diante de uma poss\u00edvel quinta onda da doen\u00e7a, a Secretaria de Sa\u00fade de Fortaleza mostra preocupa\u00e7\u00e3o com a cobertura do refor\u00e7o vacinal da popula\u00e7\u00e3o adulta, bem como as primeiras doses de crian\u00e7as e adolescentes. Apenas 30% da popula\u00e7\u00e3o acima de 18 anos da Capital recebeu as quatro doses dispon\u00edveis contra a infec\u00e7\u00e3o. Nas \u00faltimas semanas, a&nbsp;procura por testes aumentou,&hellip;<\/p>\n","protected":false},"author":1,"featured_media":27539,"comment_status":"open","ping_status":"open","sticky":false,"template":"","format":"standard","meta":{"footnotes":""},"categories":[1],"tags":[],"class_list":["post-27538","post","type-post","status-publish","format-standard","has-post-thumbnail","hentry","category-noticias"],"_links":{"self":[{"href":"https:\/\/blogdorogeriogomes.com.br\/noticias\/wp-json\/wp\/v2\/posts\/27538","targetHints":{"allow":["GET"]}}],"collection":[{"href":"https:\/\/blogdorogeriogomes.com.br\/noticias\/wp-json\/wp\/v2\/posts"}],"about":[{"href":"https:\/\/blogdorogeriogomes.com.br\/noticias\/wp-json\/wp\/v2\/types\/post"}],"author":[{"embeddable":true,"href":"https:\/\/blogdorogeriogomes.com.br\/noticias\/wp-json\/wp\/v2\/users\/1"}],"replies":[{"embeddable":true,"href":"https:\/\/blogdorogeriogomes.com.br\/noticias\/wp-json\/wp\/v2\/comments?post=27538"}],"version-history":[{"count":1,"href":"https:\/\/blogdorogeriogomes.com.br\/noticias\/wp-json\/wp\/v2\/posts\/27538\/revisions"}],"predecessor-version":[{"id":27540,"href":"https:\/\/blogdorogeriogomes.com.br\/noticias\/wp-json\/wp\/v2\/posts\/27538\/revisions\/27540"}],"wp:featuredmedia":[{"embeddable":true,"href":"https:\/\/blogdorogeriogomes.com.br\/noticias\/wp-json\/wp\/v2\/media\/27539"}],"wp:attachment":[{"href":"https:\/\/blogdorogeriogomes.com.br\/noticias\/wp-json\/wp\/v2\/media?parent=27538"}],"wp:term":[{"taxonomy":"category","embeddable":true,"href":"https:\/\/blogdorogeriogomes.com.br\/noticias\/wp-json\/wp\/v2\/categories?post=27538"},{"taxonomy":"post_tag","embeddable":true,"href":"https:\/\/blogdorogeriogomes.com.br\/noticias\/wp-json\/wp\/v2\/tags?post=27538"}],"curies":[{"name":"wp","href":"https:\/\/api.w.org\/{rel}","templated":true}]}}