{"id":27544,"date":"2022-11-23T00:24:52","date_gmt":"2022-11-23T00:24:52","guid":{"rendered":"https:\/\/blogdorogeriogomes.com.br\/?p=27544"},"modified":"2022-11-24T12:33:27","modified_gmt":"2022-11-24T12:33:27","slug":"prefeitura-anuncia-atracoes-do-reveillon-de-fortaleza-2023","status":"publish","type":"post","link":"https:\/\/blogdorogeriogomes.com.br\/noticias\/2022\/11\/prefeitura-anuncia-atracoes-do-reveillon-de-fortaleza-2023\/","title":{"rendered":"Prefeitura anuncia atra\u00e7\u00f5es do R\u00e9veillon de Fortaleza 2023"},"content":{"rendered":"\n<p>O prefeito de Fortaleza, Jos\u00e9 Sarto (PDT), anunciou nesta ter\u00e7a-feira, dia 22 de novembro, as atra\u00e7\u00f5es dos dois dias de festa do R\u00e9veillon 2023, no Aterro da Praia de Iracema. Os shows v\u00e3o acontecer nos dias 30 e 31 de dezembro. O incremento com as festividades de fim de ano ser\u00e1 de R$ 3 bilh\u00f5es na economia da Capital.<br>A taxa de ocupa\u00e7\u00e3o hoteleira deve ficar acima dos 90%. S\u00e3o esperados 600 mil turistas para o per\u00edodo entre 20 de dezembro a 5 de janeiro, com gasto per capita de R$ 5 mil.<br>As atra\u00e7\u00f5es confirmadas s\u00e3o Alok, Daniela Mercury, Luan Santana, Nando Reis, Jorge Arag\u00e3o, Luisa Sonza, Alcione, Alceu Valen\u00e7a, Mari Fernandez, Xand Avia\u0303o, Nattanzinho, Waldonys, Isabela Serpa, Marcos Lessa, Felipe Amorim, Paulo Jos\u00e9 Benevides, Get\u00falio Abelha e M\u00e1rcia Felipe.<\/p>\n\n\n\n<figure class=\"wp-block-image size-full\"><img loading=\"lazy\" decoding=\"async\" width=\"688\" height=\"446\" src=\"https:\/\/blogdorogeriogomes.com.br\/wp-content\/uploads\/2022\/11\/IMG-20221122-WA0004.jpg\" alt=\"\" class=\"wp-image-27545\" srcset=\"https:\/\/blogdorogeriogomes.com.br\/noticias\/wp-content\/uploads\/2022\/11\/IMG-20221122-WA0004.jpg 688w, https:\/\/blogdorogeriogomes.com.br\/noticias\/wp-content\/uploads\/2022\/11\/IMG-20221122-WA0004-300x194.jpg 300w\" sizes=\"auto, (max-width: 688px) 100vw, 688px\" \/><\/figure>\n","protected":false},"excerpt":{"rendered":"<p>O prefeito de Fortaleza, Jos\u00e9 Sarto (PDT), anunciou nesta ter\u00e7a-feira, dia 22 de novembro, as atra\u00e7\u00f5es dos dois dias de festa do R\u00e9veillon 2023, no Aterro da Praia de Iracema. Os shows v\u00e3o acontecer nos dias 30 e 31 de dezembro. O incremento com as festividades de fim de ano ser\u00e1 de R$ 3 bilh\u00f5es na economia da Capital.A taxa de ocupa\u00e7\u00e3o hoteleira deve ficar acima dos 90%. S\u00e3o esperados 600 mil turistas para o per\u00edodo entre 20 de&hellip;<\/p>\n","protected":false},"author":1,"featured_media":27545,"comment_status":"open","ping_status":"open","sticky":false,"template":"","format":"standard","meta":{"footnotes":""},"categories":[1],"tags":[],"class_list":["post-27544","post","type-post","status-publish","format-standard","has-post-thumbnail","hentry","category-noticias"],"_links":{"self":[{"href":"https:\/\/blogdorogeriogomes.com.br\/noticias\/wp-json\/wp\/v2\/posts\/27544","targetHints":{"allow":["GET"]}}],"collection":[{"href":"https:\/\/blogdorogeriogomes.com.br\/noticias\/wp-json\/wp\/v2\/posts"}],"about":[{"href":"https:\/\/blogdorogeriogomes.com.br\/noticias\/wp-json\/wp\/v2\/types\/post"}],"author":[{"embeddable":true,"href":"https:\/\/blogdorogeriogomes.com.br\/noticias\/wp-json\/wp\/v2\/users\/1"}],"replies":[{"embeddable":true,"href":"https:\/\/blogdorogeriogomes.com.br\/noticias\/wp-json\/wp\/v2\/comments?post=27544"}],"version-history":[{"count":1,"href":"https:\/\/blogdorogeriogomes.com.br\/noticias\/wp-json\/wp\/v2\/posts\/27544\/revisions"}],"predecessor-version":[{"id":27546,"href":"https:\/\/blogdorogeriogomes.com.br\/noticias\/wp-json\/wp\/v2\/posts\/27544\/revisions\/27546"}],"wp:featuredmedia":[{"embeddable":true,"href":"https:\/\/blogdorogeriogomes.com.br\/noticias\/wp-json\/wp\/v2\/media\/27545"}],"wp:attachment":[{"href":"https:\/\/blogdorogeriogomes.com.br\/noticias\/wp-json\/wp\/v2\/media?parent=27544"}],"wp:term":[{"taxonomy":"category","embeddable":true,"href":"https:\/\/blogdorogeriogomes.com.br\/noticias\/wp-json\/wp\/v2\/categories?post=27544"},{"taxonomy":"post_tag","embeddable":true,"href":"https:\/\/blogdorogeriogomes.com.br\/noticias\/wp-json\/wp\/v2\/tags?post=27544"}],"curies":[{"name":"wp","href":"https:\/\/api.w.org\/{rel}","templated":true}]}}