{"id":27547,"date":"2022-11-23T10:28:36","date_gmt":"2022-11-23T10:28:36","guid":{"rendered":"https:\/\/blogdorogeriogomes.com.br\/?p=27547"},"modified":"2022-11-24T12:33:19","modified_gmt":"2022-11-24T12:33:19","slug":"governador-do-ceara-em-exercicio-evandro-leitao-cumpre-agenda-em-brasilia-ao-lado-do-senador-eleito-camilo-santana","status":"publish","type":"post","link":"https:\/\/blogdorogeriogomes.com.br\/noticias\/2022\/11\/governador-do-ceara-em-exercicio-evandro-leitao-cumpre-agenda-em-brasilia-ao-lado-do-senador-eleito-camilo-santana\/","title":{"rendered":"Governador do Cear\u00e1 em exerc\u00edcio, Evandro Leit\u00e3o, cumpre agenda em Bras\u00edlia ao lado do senador eleito Camilo Santana"},"content":{"rendered":"\n<p>O governador do Cear\u00e1 em exerc\u00edcio, Evandro Leit\u00e3o (PDT), esteve em Bras\u00edlia, nesta ter\u00e7a-feira, dia 22 de novembro, em visita ao presidente do Senado, Rodrigo Pacheco, ao lado do governador em exerc\u00edcio, Evandro Leit\u00e3o. &#8220;Tratamos, entre outros assuntos, sobre opera\u00e7\u00e3o de cr\u00e9dito do Cear\u00e1 com a Ag\u00eancia de Desenvolvimento Francesa, que depende da aprova\u00e7\u00e3o do Senado. Agrade\u00e7o ao presidente pela receptividade&#8221;, disse Camilo Santana. Evandro ocupa at\u00e9 domingo, dia 27, o Pal\u00e1cio da Aboli\u00e7\u00e3o pelo fato de a governadora Izolda Cela estar em viagem a Inglaterra.<br>Em Bras\u00edlia, o senador eleito Camilo Santana tamb\u00e9m participou da reuni\u00e3o do Grupo de Transi\u00e7\u00e3o governamental do Desenvolvimento Regional, que contou com a participa\u00e7\u00e3o do ministro Daniel Ferreira. &#8220;Temos trabalhado para garantir a retomada do desenvolvimento em diversas \u00e1reas, como habita\u00e7\u00e3o e saneamento b\u00e1sico, entre outras&#8221;, ressaltou Camilo.<\/p>\n\n\n\n<figure class=\"wp-block-image size-large\"><img loading=\"lazy\" decoding=\"async\" width=\"848\" height=\"1024\" src=\"https:\/\/blogdorogeriogomes.com.br\/wp-content\/uploads\/2022\/11\/IMG-20221123-WA0000-848x1024.jpg\" alt=\"\" class=\"wp-image-27548\" srcset=\"https:\/\/blogdorogeriogomes.com.br\/noticias\/wp-content\/uploads\/2022\/11\/IMG-20221123-WA0000-848x1024.jpg 848w, https:\/\/blogdorogeriogomes.com.br\/noticias\/wp-content\/uploads\/2022\/11\/IMG-20221123-WA0000-248x300.jpg 248w, https:\/\/blogdorogeriogomes.com.br\/noticias\/wp-content\/uploads\/2022\/11\/IMG-20221123-WA0000-768x928.jpg 768w, https:\/\/blogdorogeriogomes.com.br\/noticias\/wp-content\/uploads\/2022\/11\/IMG-20221123-WA0000-800x967.jpg 800w, https:\/\/blogdorogeriogomes.com.br\/noticias\/wp-content\/uploads\/2022\/11\/IMG-20221123-WA0000.jpg 927w\" sizes=\"auto, (max-width: 848px) 100vw, 848px\" \/><\/figure>\n\n\n\n<figure class=\"wp-block-image size-full\"><img loading=\"lazy\" decoding=\"async\" width=\"599\" height=\"433\" src=\"https:\/\/blogdorogeriogomes.com.br\/wp-content\/uploads\/2022\/11\/IMG-20221123-WA0002.jpg\" alt=\"\" class=\"wp-image-27549\" srcset=\"https:\/\/blogdorogeriogomes.com.br\/noticias\/wp-content\/uploads\/2022\/11\/IMG-20221123-WA0002.jpg 599w, https:\/\/blogdorogeriogomes.com.br\/noticias\/wp-content\/uploads\/2022\/11\/IMG-20221123-WA0002-300x217.jpg 300w\" sizes=\"auto, (max-width: 599px) 100vw, 599px\" \/><\/figure>\n","protected":false},"excerpt":{"rendered":"<p>O governador do Cear\u00e1 em exerc\u00edcio, Evandro Leit\u00e3o (PDT), esteve em Bras\u00edlia, nesta ter\u00e7a-feira, dia 22 de novembro, em visita ao presidente do Senado, Rodrigo Pacheco, ao lado do governador em exerc\u00edcio, Evandro Leit\u00e3o. &#8220;Tratamos, entre outros assuntos, sobre opera\u00e7\u00e3o de cr\u00e9dito do Cear\u00e1 com a Ag\u00eancia de Desenvolvimento Francesa, que depende da aprova\u00e7\u00e3o do Senado. Agrade\u00e7o ao presidente pela receptividade&#8221;, disse Camilo Santana. Evandro ocupa at\u00e9 domingo, dia 27, o Pal\u00e1cio da Aboli\u00e7\u00e3o pelo fato de a governadora&hellip;<\/p>\n","protected":false},"author":1,"featured_media":27548,"comment_status":"open","ping_status":"open","sticky":false,"template":"","format":"standard","meta":{"footnotes":""},"categories":[1],"tags":[],"class_list":["post-27547","post","type-post","status-publish","format-standard","has-post-thumbnail","hentry","category-noticias"],"_links":{"self":[{"href":"https:\/\/blogdorogeriogomes.com.br\/noticias\/wp-json\/wp\/v2\/posts\/27547","targetHints":{"allow":["GET"]}}],"collection":[{"href":"https:\/\/blogdorogeriogomes.com.br\/noticias\/wp-json\/wp\/v2\/posts"}],"about":[{"href":"https:\/\/blogdorogeriogomes.com.br\/noticias\/wp-json\/wp\/v2\/types\/post"}],"author":[{"embeddable":true,"href":"https:\/\/blogdorogeriogomes.com.br\/noticias\/wp-json\/wp\/v2\/users\/1"}],"replies":[{"embeddable":true,"href":"https:\/\/blogdorogeriogomes.com.br\/noticias\/wp-json\/wp\/v2\/comments?post=27547"}],"version-history":[{"count":1,"href":"https:\/\/blogdorogeriogomes.com.br\/noticias\/wp-json\/wp\/v2\/posts\/27547\/revisions"}],"predecessor-version":[{"id":27550,"href":"https:\/\/blogdorogeriogomes.com.br\/noticias\/wp-json\/wp\/v2\/posts\/27547\/revisions\/27550"}],"wp:featuredmedia":[{"embeddable":true,"href":"https:\/\/blogdorogeriogomes.com.br\/noticias\/wp-json\/wp\/v2\/media\/27548"}],"wp:attachment":[{"href":"https:\/\/blogdorogeriogomes.com.br\/noticias\/wp-json\/wp\/v2\/media?parent=27547"}],"wp:term":[{"taxonomy":"category","embeddable":true,"href":"https:\/\/blogdorogeriogomes.com.br\/noticias\/wp-json\/wp\/v2\/categories?post=27547"},{"taxonomy":"post_tag","embeddable":true,"href":"https:\/\/blogdorogeriogomes.com.br\/noticias\/wp-json\/wp\/v2\/tags?post=27547"}],"curies":[{"name":"wp","href":"https:\/\/api.w.org\/{rel}","templated":true}]}}