{"id":27551,"date":"2022-11-23T10:31:05","date_gmt":"2022-11-23T10:31:05","guid":{"rendered":"https:\/\/blogdorogeriogomes.com.br\/?p=27551"},"modified":"2022-11-24T12:33:12","modified_gmt":"2022-11-24T12:33:12","slug":"venda-da-enel-no-ceara-agita-mercado-elmano-de-freitas-cobra-mais-investimentos-da-empresa-que-venha-a-comprar-distribuidora","status":"publish","type":"post","link":"https:\/\/blogdorogeriogomes.com.br\/noticias\/2022\/11\/venda-da-enel-no-ceara-agita-mercado-elmano-de-freitas-cobra-mais-investimentos-da-empresa-que-venha-a-comprar-distribuidora\/","title":{"rendered":"Venda da Enel no Cear\u00e1 agita mercado. Elmano de Freitas cobra mais investimentos da empresa que venha a comprar distribuidora"},"content":{"rendered":"\n<p>A not\u00edcia que a Enel Distribui\u00e7\u00e3o Cear\u00e1 tem planos de venda por parte da companhia controladora italiana Enel agitou o mercado nesta ter\u00e7a-feira, dia 22 de novembro. A empresa respons\u00e1vel pela distribui\u00e7\u00e3o de energia el\u00e9trica no Cear\u00e1 registrou uma alta de mais 15% das a\u00e7\u00f5es nas primeiras horas ap\u00f3s o an\u00fancio oficial.<br>A Enel Cear\u00e1 tem sido alvo de muitas reclama\u00e7\u00f5es de consumidores, principalmente no que diz respeito ao valor cobrado pela tarifa de energia e m\u00e1 presta\u00e7\u00e3o de servi\u00e7os ao cliente.<br>Questionado sobre a possibilidade de venda da companhia no Cear\u00e1, o governador eleito Elmano de Freitas (PT) destacou que, caso a venda se concretize, conforme prev\u00ea o plano estrat\u00e9gico da companhia 2023-2025,&nbsp;\u00e9 importante que a empresa que assuma tenha&nbsp;um padr\u00e3o de investimento elevado para garantir a demanda de atendimento que o Cear\u00e1 necessita. &#8220;\u00c9 esperar que algu\u00e9m que compre tenha capacidade de investir e estruturar a energia do Cear\u00e1&#8221;, disse Elmano.<\/p>\n\n\n\n<figure class=\"wp-block-image size-full\"><img loading=\"lazy\" decoding=\"async\" width=\"418\" height=\"314\" src=\"https:\/\/blogdorogeriogomes.com.br\/wp-content\/uploads\/2022\/11\/IMG-20221123-WA0001.jpg\" alt=\"\" class=\"wp-image-27552\" srcset=\"https:\/\/blogdorogeriogomes.com.br\/noticias\/wp-content\/uploads\/2022\/11\/IMG-20221123-WA0001.jpg 418w, https:\/\/blogdorogeriogomes.com.br\/noticias\/wp-content\/uploads\/2022\/11\/IMG-20221123-WA0001-300x225.jpg 300w, https:\/\/blogdorogeriogomes.com.br\/noticias\/wp-content\/uploads\/2022\/11\/IMG-20221123-WA0001-400x300.jpg 400w\" sizes=\"auto, (max-width: 418px) 100vw, 418px\" \/><\/figure>\n","protected":false},"excerpt":{"rendered":"<p>A not\u00edcia que a Enel Distribui\u00e7\u00e3o Cear\u00e1 tem planos de venda por parte da companhia controladora italiana Enel agitou o mercado nesta ter\u00e7a-feira, dia 22 de novembro. A empresa respons\u00e1vel pela distribui\u00e7\u00e3o de energia el\u00e9trica no Cear\u00e1 registrou uma alta de mais 15% das a\u00e7\u00f5es nas primeiras horas ap\u00f3s o an\u00fancio oficial.A Enel Cear\u00e1 tem sido alvo de muitas reclama\u00e7\u00f5es de consumidores, principalmente no que diz respeito ao valor cobrado pela tarifa de energia e m\u00e1 presta\u00e7\u00e3o de servi\u00e7os&hellip;<\/p>\n","protected":false},"author":1,"featured_media":27552,"comment_status":"open","ping_status":"open","sticky":false,"template":"","format":"standard","meta":{"footnotes":""},"categories":[1],"tags":[],"class_list":["post-27551","post","type-post","status-publish","format-standard","has-post-thumbnail","hentry","category-noticias"],"_links":{"self":[{"href":"https:\/\/blogdorogeriogomes.com.br\/noticias\/wp-json\/wp\/v2\/posts\/27551","targetHints":{"allow":["GET"]}}],"collection":[{"href":"https:\/\/blogdorogeriogomes.com.br\/noticias\/wp-json\/wp\/v2\/posts"}],"about":[{"href":"https:\/\/blogdorogeriogomes.com.br\/noticias\/wp-json\/wp\/v2\/types\/post"}],"author":[{"embeddable":true,"href":"https:\/\/blogdorogeriogomes.com.br\/noticias\/wp-json\/wp\/v2\/users\/1"}],"replies":[{"embeddable":true,"href":"https:\/\/blogdorogeriogomes.com.br\/noticias\/wp-json\/wp\/v2\/comments?post=27551"}],"version-history":[{"count":1,"href":"https:\/\/blogdorogeriogomes.com.br\/noticias\/wp-json\/wp\/v2\/posts\/27551\/revisions"}],"predecessor-version":[{"id":27553,"href":"https:\/\/blogdorogeriogomes.com.br\/noticias\/wp-json\/wp\/v2\/posts\/27551\/revisions\/27553"}],"wp:featuredmedia":[{"embeddable":true,"href":"https:\/\/blogdorogeriogomes.com.br\/noticias\/wp-json\/wp\/v2\/media\/27552"}],"wp:attachment":[{"href":"https:\/\/blogdorogeriogomes.com.br\/noticias\/wp-json\/wp\/v2\/media?parent=27551"}],"wp:term":[{"taxonomy":"category","embeddable":true,"href":"https:\/\/blogdorogeriogomes.com.br\/noticias\/wp-json\/wp\/v2\/categories?post=27551"},{"taxonomy":"post_tag","embeddable":true,"href":"https:\/\/blogdorogeriogomes.com.br\/noticias\/wp-json\/wp\/v2\/tags?post=27551"}],"curies":[{"name":"wp","href":"https:\/\/api.w.org\/{rel}","templated":true}]}}