{"id":27557,"date":"2022-11-23T19:51:39","date_gmt":"2022-11-23T19:51:39","guid":{"rendered":"https:\/\/blogdorogeriogomes.com.br\/?p=27557"},"modified":"2022-11-24T12:32:48","modified_gmt":"2022-11-24T12:32:48","slug":"visita-espetacular-ao-theatro-jose-de-alencar-e-retomada-de-forma-presencial","status":"publish","type":"post","link":"https:\/\/blogdorogeriogomes.com.br\/noticias\/2022\/11\/visita-espetacular-ao-theatro-jose-de-alencar-e-retomada-de-forma-presencial\/","title":{"rendered":"Visita espetacular ao Theatro Jos\u00e9 de Alencar \u00e9 retomada de forma presencial"},"content":{"rendered":"\n<p>Ap\u00f3s edi\u00e7\u00e3o exclusivamente online, o \u201cVisita Espetacular &#8211; Theatro Jos\u00e9 de Alencar\u201d, projeto de arte-educa\u00e7\u00e3o, chega a sua 19\u00aa edi\u00e7\u00e3o e volta ao formato presencial no templo das artes cearenses. Com programa\u00e7\u00e3o e sess\u00f5es din\u00e2micas envolvendo visitas orientadas por atores, encontros pedag\u00f3gicos e webin\u00e1rio, o projeto cultural iniciou sua nova temporada de 2022, nos dias 17 e 20 de outubro, com apresenta\u00e7\u00f5es especiais de lan\u00e7amento para escolas ind\u00edgenas de todo o Cear\u00e1 e para a escola do bairro Novo Leblon, de Caucaia. Realizado em parceria com o Theatro Jos\u00e9 de Alencar, a iniciativa conta com o apoio institucional da Secretaria da Cultura do Estado do Cear\u00e1 (Secult-CE), por meio do edital Mecenas do Cear\u00e1. Agradecimento: Eneva.<\/p>\n\n\n\n<p>A a\u00e7\u00e3o cultural acontece entre os dias 8 e 26 de novembro, com sess\u00f5es pela manh\u00e3 e tarde, voltadas, exclusivamente, para estudantes e professores oriundos de escolas da rede p\u00fablica de ensino dos munic\u00edpios de S\u00e3o Gon\u00e7alo do Amarante, Caucaia, Fortaleza, Pacajus e Chorozinho, que ter\u00e3o a oportunidade de conhecer as instala\u00e7\u00f5es\/depend\u00eancias do mais importante equipamento cultural do Estado, durante excurs\u00e3o inesquec\u00edvel.<\/p>\n\n\n\n<p>O passeio \u00e9 conduzido, de forma l\u00fadica e contextualizada, pelos personagens Beto, Bia, Bento e Bel Alencar. As crian\u00e7as s\u00e3o recepcionadas no P\u00e1tio Nobre pelos anfitri\u00f5es, depois sobem at\u00e9 o Foyer, seguem para a torrinha e camarotes, em seguida passam pela plateia, pelo palco principal, pelo por\u00e3o e pelo jardim do Theatro, projetado pelo artista pl\u00e1stico e paisagista brasileiro Burle Marx. A aventura termina no Teatro Morro do Ouro com a apresenta\u00e7\u00e3o do espet\u00e1culo \u201cO Segredo de Cocachim\u201d, texto da autora Denise Crispun. Tudo isso para possibilitar a\u00e7\u00f5es multidisciplinares, bem como fomentar a forma\u00e7\u00e3o de plateia, especialmente do p\u00fablico infanto-juvenil, no universo das artes c\u00eanicas.<\/p>\n\n\n\n<p>\u201cO Visita Espetacular \u00e9 o mecanismo que n\u00f3s constru\u00edmos para despertar nas crian\u00e7as cearenses, envolvimento afetivo com o patrim\u00f4nio do TJA. A concretiza\u00e7\u00e3o deste projeto \u00e9 a realiza\u00e7\u00e3o de um sonho, do desejo de poder contribuir, efetivamente, com a forma\u00e7\u00e3o cultural de crian\u00e7as e adolescentes, em especial, alunos e alunas da rede p\u00fablica de ensino, desenvolvendo cidad\u00e3os dotados de senso cr\u00edtico\u201d, destaca Rob\u00e9rio Di\u00f3genes, diretor e idealizador do projeto.<\/p>\n\n\n\n<p><em>Programa\u00e7\u00e3o<\/em><br>A 19\u00aa temporada do projeto \u201cVisita Espetacular \u2013 Theatro Jos\u00e9 de Alencar\u201d ter\u00e1 agenda de apresenta\u00e7\u00f5es nas seguintes datas de novembro: nos dias 23 e 25 de novembro, das 13h30h \u00e0s 16h, o Visita Espetacular oferecer\u00e1 sess\u00f5es com acessibilidade para crian\u00e7as com defici\u00eancia.<br>J\u00e1 no dia 26 de novembro, das 9h \u00e0s 11h, o Visita Espetacular promover\u00e1 o webn\u00e1rio \u201cArte para\/com\/da\/sobre as inf\u00e2ncias e o lugar do (a) educador(a)\u201d, que ser\u00e1 transmitido ao vivo pelo YouTube do Instituto Teatro P\u00fablico e do Theatro Jos\u00e9 de Alencar.<\/p>\n\n\n\n<figure class=\"wp-block-image size-large\"><img loading=\"lazy\" decoding=\"async\" width=\"1024\" height=\"609\" src=\"https:\/\/blogdorogeriogomes.com.br\/wp-content\/uploads\/2022\/11\/IMG-20221123-WA0006-1024x609.jpg\" alt=\"\" class=\"wp-image-27558\" srcset=\"https:\/\/blogdorogeriogomes.com.br\/noticias\/wp-content\/uploads\/2022\/11\/IMG-20221123-WA0006-1024x609.jpg 1024w, https:\/\/blogdorogeriogomes.com.br\/noticias\/wp-content\/uploads\/2022\/11\/IMG-20221123-WA0006-300x178.jpg 300w, https:\/\/blogdorogeriogomes.com.br\/noticias\/wp-content\/uploads\/2022\/11\/IMG-20221123-WA0006-768x457.jpg 768w, https:\/\/blogdorogeriogomes.com.br\/noticias\/wp-content\/uploads\/2022\/11\/IMG-20221123-WA0006-800x476.jpg 800w, https:\/\/blogdorogeriogomes.com.br\/noticias\/wp-content\/uploads\/2022\/11\/IMG-20221123-WA0006.jpg 1280w\" sizes=\"auto, (max-width: 1024px) 100vw, 1024px\" \/><\/figure>\n\n\n\n<p><\/p>\n\n\n\n<p><\/p>\n\n\n\n<p><\/p>\n","protected":false},"excerpt":{"rendered":"<p>Ap\u00f3s edi\u00e7\u00e3o exclusivamente online, o \u201cVisita Espetacular &#8211; Theatro Jos\u00e9 de Alencar\u201d, projeto de arte-educa\u00e7\u00e3o, chega a sua 19\u00aa edi\u00e7\u00e3o e volta ao formato presencial no templo das artes cearenses. Com programa\u00e7\u00e3o e sess\u00f5es din\u00e2micas envolvendo visitas orientadas por atores, encontros pedag\u00f3gicos e webin\u00e1rio, o projeto cultural iniciou sua nova temporada de 2022, nos dias 17 e 20 de outubro, com apresenta\u00e7\u00f5es especiais de lan\u00e7amento para escolas ind\u00edgenas de todo o Cear\u00e1 e para a escola do bairro Novo&hellip;<\/p>\n","protected":false},"author":1,"featured_media":27558,"comment_status":"open","ping_status":"open","sticky":false,"template":"","format":"standard","meta":{"footnotes":""},"categories":[1],"tags":[],"class_list":["post-27557","post","type-post","status-publish","format-standard","has-post-thumbnail","hentry","category-noticias"],"_links":{"self":[{"href":"https:\/\/blogdorogeriogomes.com.br\/noticias\/wp-json\/wp\/v2\/posts\/27557","targetHints":{"allow":["GET"]}}],"collection":[{"href":"https:\/\/blogdorogeriogomes.com.br\/noticias\/wp-json\/wp\/v2\/posts"}],"about":[{"href":"https:\/\/blogdorogeriogomes.com.br\/noticias\/wp-json\/wp\/v2\/types\/post"}],"author":[{"embeddable":true,"href":"https:\/\/blogdorogeriogomes.com.br\/noticias\/wp-json\/wp\/v2\/users\/1"}],"replies":[{"embeddable":true,"href":"https:\/\/blogdorogeriogomes.com.br\/noticias\/wp-json\/wp\/v2\/comments?post=27557"}],"version-history":[{"count":1,"href":"https:\/\/blogdorogeriogomes.com.br\/noticias\/wp-json\/wp\/v2\/posts\/27557\/revisions"}],"predecessor-version":[{"id":27559,"href":"https:\/\/blogdorogeriogomes.com.br\/noticias\/wp-json\/wp\/v2\/posts\/27557\/revisions\/27559"}],"wp:featuredmedia":[{"embeddable":true,"href":"https:\/\/blogdorogeriogomes.com.br\/noticias\/wp-json\/wp\/v2\/media\/27558"}],"wp:attachment":[{"href":"https:\/\/blogdorogeriogomes.com.br\/noticias\/wp-json\/wp\/v2\/media?parent=27557"}],"wp:term":[{"taxonomy":"category","embeddable":true,"href":"https:\/\/blogdorogeriogomes.com.br\/noticias\/wp-json\/wp\/v2\/categories?post=27557"},{"taxonomy":"post_tag","embeddable":true,"href":"https:\/\/blogdorogeriogomes.com.br\/noticias\/wp-json\/wp\/v2\/tags?post=27557"}],"curies":[{"name":"wp","href":"https:\/\/api.w.org\/{rel}","templated":true}]}}