{"id":27566,"date":"2022-11-24T10:33:38","date_gmt":"2022-11-24T10:33:38","guid":{"rendered":"https:\/\/blogdorogeriogomes.com.br\/?p=27566"},"modified":"2022-11-24T12:31:32","modified_gmt":"2022-11-24T12:31:32","slug":"rede-privada-de-saude-confirma-aumento-no-atendimento-de-casos-de-covid-19-no-ceara-fiocruz-ressalta-crescimento-em-15-estados","status":"publish","type":"post","link":"https:\/\/blogdorogeriogomes.com.br\/noticias\/2022\/11\/rede-privada-de-saude-confirma-aumento-no-atendimento-de-casos-de-covid-19-no-ceara-fiocruz-ressalta-crescimento-em-15-estados\/","title":{"rendered":"Rede privada de sa\u00fade confirma aumento no atendimento de casos de Covid-19 no Cear\u00e1. Fiocruz ressalta crescimento em 15 estados"},"content":{"rendered":"\n<p>A rede privada de hospitais em Fortaleza confirma um aumento no atendimento de casos de Covid-19 nos \u00faltimos dias. O Grupo Hapvida calcula um crescimento de 35%, enquanto a Unimed fala em 290 pacientes atendidos com sintomas da doen\u00e7a em uma semana.<br>Idosos e pessoas com o esquema vacinal incompleto t\u00eam sido as maiores v\u00edtimas da nova infec\u00e7\u00e3o. Casos graves de Covid-19 t\u00eam registrado aumento no Cear\u00e1 e em mais 14 estados, segundo o novo boletim Infogripe divulgado pela Funda\u00e7\u00e3o Oswaldo Cruz (Fiocruz) na quarta-feira, dia 23 de novembro. O levantamento foi observado a partir do final de outubro e in\u00edcio de novembro.<br>A Secretaria de Sa\u00fade do Cear\u00e1 tem recomendado o uso de m\u00e1scaras no transporte p\u00fablico, ambientes fechados e aglomera\u00e7\u00f5es. Quem n\u00e3o tomou a quarta dose da vacina contra a Covid-19, a ordem \u00e9 procurar os postos de sa\u00fade para se imunizar.<\/p>\n\n\n\n<figure class=\"wp-block-image size-full\"><img loading=\"lazy\" decoding=\"async\" width=\"739\" height=\"415\" src=\"https:\/\/blogdorogeriogomes.com.br\/wp-content\/uploads\/2022\/11\/IMG-20221124-WA0001.jpg\" alt=\"\" class=\"wp-image-27567\" srcset=\"https:\/\/blogdorogeriogomes.com.br\/noticias\/wp-content\/uploads\/2022\/11\/IMG-20221124-WA0001.jpg 739w, https:\/\/blogdorogeriogomes.com.br\/noticias\/wp-content\/uploads\/2022\/11\/IMG-20221124-WA0001-300x168.jpg 300w\" sizes=\"auto, (max-width: 739px) 100vw, 739px\" \/><\/figure>\n\n\n\n<pre class=\"wp-block-verse\"><\/pre>\n","protected":false},"excerpt":{"rendered":"<p>A rede privada de hospitais em Fortaleza confirma um aumento no atendimento de casos de Covid-19 nos \u00faltimos dias. O Grupo Hapvida calcula um crescimento de 35%, enquanto a Unimed fala em 290 pacientes atendidos com sintomas da doen\u00e7a em uma semana.Idosos e pessoas com o esquema vacinal incompleto t\u00eam sido as maiores v\u00edtimas da nova infec\u00e7\u00e3o. Casos graves de Covid-19 t\u00eam registrado aumento no Cear\u00e1 e em mais 14 estados, segundo o novo boletim Infogripe divulgado pela Funda\u00e7\u00e3o&hellip;<\/p>\n","protected":false},"author":1,"featured_media":27567,"comment_status":"open","ping_status":"open","sticky":false,"template":"","format":"standard","meta":{"footnotes":""},"categories":[1],"tags":[],"class_list":["post-27566","post","type-post","status-publish","format-standard","has-post-thumbnail","hentry","category-noticias"],"_links":{"self":[{"href":"https:\/\/blogdorogeriogomes.com.br\/noticias\/wp-json\/wp\/v2\/posts\/27566","targetHints":{"allow":["GET"]}}],"collection":[{"href":"https:\/\/blogdorogeriogomes.com.br\/noticias\/wp-json\/wp\/v2\/posts"}],"about":[{"href":"https:\/\/blogdorogeriogomes.com.br\/noticias\/wp-json\/wp\/v2\/types\/post"}],"author":[{"embeddable":true,"href":"https:\/\/blogdorogeriogomes.com.br\/noticias\/wp-json\/wp\/v2\/users\/1"}],"replies":[{"embeddable":true,"href":"https:\/\/blogdorogeriogomes.com.br\/noticias\/wp-json\/wp\/v2\/comments?post=27566"}],"version-history":[{"count":1,"href":"https:\/\/blogdorogeriogomes.com.br\/noticias\/wp-json\/wp\/v2\/posts\/27566\/revisions"}],"predecessor-version":[{"id":27568,"href":"https:\/\/blogdorogeriogomes.com.br\/noticias\/wp-json\/wp\/v2\/posts\/27566\/revisions\/27568"}],"wp:featuredmedia":[{"embeddable":true,"href":"https:\/\/blogdorogeriogomes.com.br\/noticias\/wp-json\/wp\/v2\/media\/27567"}],"wp:attachment":[{"href":"https:\/\/blogdorogeriogomes.com.br\/noticias\/wp-json\/wp\/v2\/media?parent=27566"}],"wp:term":[{"taxonomy":"category","embeddable":true,"href":"https:\/\/blogdorogeriogomes.com.br\/noticias\/wp-json\/wp\/v2\/categories?post=27566"},{"taxonomy":"post_tag","embeddable":true,"href":"https:\/\/blogdorogeriogomes.com.br\/noticias\/wp-json\/wp\/v2\/tags?post=27566"}],"curies":[{"name":"wp","href":"https:\/\/api.w.org\/{rel}","templated":true}]}}