{"id":27574,"date":"2022-11-25T00:48:46","date_gmt":"2022-11-25T00:48:46","guid":{"rendered":"https:\/\/blogdorogeriogomes.com.br\/?p=27574"},"modified":"2022-11-25T17:46:16","modified_gmt":"2022-11-25T17:46:16","slug":"izolda-camilo-e-elmano-participam-de-encontro-de-altas-liderancas-na-inglaterra","status":"publish","type":"post","link":"https:\/\/blogdorogeriogomes.com.br\/noticias\/2022\/11\/izolda-camilo-e-elmano-participam-de-encontro-de-altas-liderancas-na-inglaterra\/","title":{"rendered":"Izolda, Camilo e Elmano participam de &#8220;Encontro de Altas Lideran\u00e7as&#8221; na Inglaterra"},"content":{"rendered":"\n<p>A governadora do Cear\u00e1, Izolda Cela; o governador eleito Elmano de Freitas (PT) e o senador eleito Camilo Santana (PT) participam, a convite da Funda\u00e7\u00e3o Lemann, na Universidade de Oxford, na Inglaterra, do \u201cEncontro de Altas Lideran\u00e7as&#8221;, que debate o tema &#8220;Capital Humano para o Desenvolvimento do Brasil&#8221;.<br>Participam do evento mais de 50 lideran\u00e7as nacionais e internacionais, onde est\u00e3o sendo discutidos o desenvolvimento do pa\u00eds e os avan\u00e7os da educa\u00e7\u00e3o brasileira.<br>Nesta quinta-feira, dia 24 de novembro, o vice-presidente eleito Geraldo Alckmin participou virtualmente dos debates.<br>A governadora Izolda Cela ainda teve encontro com o Embaixador do Brasil no Reino Unido, Fred Arruda.<\/p>\n\n\n\n<figure class=\"wp-block-image size-full\"><img loading=\"lazy\" decoding=\"async\" width=\"773\" height=\"652\" src=\"https:\/\/blogdorogeriogomes.com.br\/wp-content\/uploads\/2022\/11\/IMG-20221124-WA0010.jpg\" alt=\"\" class=\"wp-image-27575\" srcset=\"https:\/\/blogdorogeriogomes.com.br\/noticias\/wp-content\/uploads\/2022\/11\/IMG-20221124-WA0010.jpg 773w, https:\/\/blogdorogeriogomes.com.br\/noticias\/wp-content\/uploads\/2022\/11\/IMG-20221124-WA0010-300x253.jpg 300w, https:\/\/blogdorogeriogomes.com.br\/noticias\/wp-content\/uploads\/2022\/11\/IMG-20221124-WA0010-768x648.jpg 768w\" sizes=\"auto, (max-width: 773px) 100vw, 773px\" \/><\/figure>\n","protected":false},"excerpt":{"rendered":"<p>A governadora do Cear\u00e1, Izolda Cela; o governador eleito Elmano de Freitas (PT) e o senador eleito Camilo Santana (PT) participam, a convite da Funda\u00e7\u00e3o Lemann, na Universidade de Oxford, na Inglaterra, do \u201cEncontro de Altas Lideran\u00e7as&#8221;, que debate o tema &#8220;Capital Humano para o Desenvolvimento do Brasil&#8221;.Participam do evento mais de 50 lideran\u00e7as nacionais e internacionais, onde est\u00e3o sendo discutidos o desenvolvimento do pa\u00eds e os avan\u00e7os da educa\u00e7\u00e3o brasileira.Nesta quinta-feira, dia 24 de novembro, o vice-presidente eleito&hellip;<\/p>\n","protected":false},"author":1,"featured_media":27575,"comment_status":"open","ping_status":"open","sticky":false,"template":"","format":"standard","meta":{"footnotes":""},"categories":[1],"tags":[],"class_list":["post-27574","post","type-post","status-publish","format-standard","has-post-thumbnail","hentry","category-noticias"],"_links":{"self":[{"href":"https:\/\/blogdorogeriogomes.com.br\/noticias\/wp-json\/wp\/v2\/posts\/27574","targetHints":{"allow":["GET"]}}],"collection":[{"href":"https:\/\/blogdorogeriogomes.com.br\/noticias\/wp-json\/wp\/v2\/posts"}],"about":[{"href":"https:\/\/blogdorogeriogomes.com.br\/noticias\/wp-json\/wp\/v2\/types\/post"}],"author":[{"embeddable":true,"href":"https:\/\/blogdorogeriogomes.com.br\/noticias\/wp-json\/wp\/v2\/users\/1"}],"replies":[{"embeddable":true,"href":"https:\/\/blogdorogeriogomes.com.br\/noticias\/wp-json\/wp\/v2\/comments?post=27574"}],"version-history":[{"count":1,"href":"https:\/\/blogdorogeriogomes.com.br\/noticias\/wp-json\/wp\/v2\/posts\/27574\/revisions"}],"predecessor-version":[{"id":27576,"href":"https:\/\/blogdorogeriogomes.com.br\/noticias\/wp-json\/wp\/v2\/posts\/27574\/revisions\/27576"}],"wp:featuredmedia":[{"embeddable":true,"href":"https:\/\/blogdorogeriogomes.com.br\/noticias\/wp-json\/wp\/v2\/media\/27575"}],"wp:attachment":[{"href":"https:\/\/blogdorogeriogomes.com.br\/noticias\/wp-json\/wp\/v2\/media?parent=27574"}],"wp:term":[{"taxonomy":"category","embeddable":true,"href":"https:\/\/blogdorogeriogomes.com.br\/noticias\/wp-json\/wp\/v2\/categories?post=27574"},{"taxonomy":"post_tag","embeddable":true,"href":"https:\/\/blogdorogeriogomes.com.br\/noticias\/wp-json\/wp\/v2\/tags?post=27574"}],"curies":[{"name":"wp","href":"https:\/\/api.w.org\/{rel}","templated":true}]}}