{"id":27577,"date":"2022-11-25T10:05:53","date_gmt":"2022-11-25T10:05:53","guid":{"rendered":"https:\/\/blogdorogeriogomes.com.br\/?p=27577"},"modified":"2022-11-25T17:46:07","modified_gmt":"2022-11-25T17:46:07","slug":"mascaras-voltam-a-ser-obrigatorias-em-avioes-e-aeroportos-do-pais-nesta-sexta-feira","status":"publish","type":"post","link":"https:\/\/blogdorogeriogomes.com.br\/noticias\/2022\/11\/mascaras-voltam-a-ser-obrigatorias-em-avioes-e-aeroportos-do-pais-nesta-sexta-feira\/","title":{"rendered":"M\u00e1scaras voltam a ser obrigat\u00f3rias em avi\u00f5es e aeroportos do Pa\u00eds nesta sexta-feira"},"content":{"rendered":"\n<p>A partir desta sexta-feira, dia 25 de novembro, passa a valer a decis\u00e3o da Ag\u00eancia Nacional de Vigil\u00e2ncia Sanit\u00e1ria (Anvisa) que determina o uso obrigat\u00f3rio de m\u00e1scaras em avi\u00f5es e aeroportos no Brasil.<br>A obrigatoriedade no uso das m\u00e1scaras faciais pelos passageiros se deve ao crescimento de casos da Covid-19 registrado em todos os estados brasileiros.<br>O servi\u00e7o de bordo nas aeronaves e o uso de capacidade m\u00e1xima no transporte de passageiros nos voos ficam mantidos pela Anvisa.<br>A nova determina\u00e7\u00e3o ser\u00e1 devidamente fiscalizada pelas companhias a\u00e9reas.<\/p>\n\n\n\n<figure class=\"wp-block-image size-full\"><img loading=\"lazy\" decoding=\"async\" width=\"684\" height=\"448\" src=\"https:\/\/blogdorogeriogomes.com.br\/wp-content\/uploads\/2022\/11\/IMG-20221125-WA0002.jpg\" alt=\"\" class=\"wp-image-27578\" srcset=\"https:\/\/blogdorogeriogomes.com.br\/noticias\/wp-content\/uploads\/2022\/11\/IMG-20221125-WA0002.jpg 684w, https:\/\/blogdorogeriogomes.com.br\/noticias\/wp-content\/uploads\/2022\/11\/IMG-20221125-WA0002-300x196.jpg 300w\" sizes=\"auto, (max-width: 684px) 100vw, 684px\" \/><\/figure>\n\n\n","protected":false},"excerpt":{"rendered":"<p>A partir desta sexta-feira, dia 25 de novembro, passa a valer a decis\u00e3o da Ag\u00eancia Nacional de Vigil\u00e2ncia Sanit\u00e1ria (Anvisa) que determina o uso obrigat\u00f3rio de m\u00e1scaras em avi\u00f5es e aeroportos no Brasil.A obrigatoriedade no uso das m\u00e1scaras faciais pelos passageiros se deve ao crescimento de casos da Covid-19 registrado em todos os estados brasileiros.O servi\u00e7o de bordo nas aeronaves e o uso de capacidade m\u00e1xima no transporte de passageiros nos voos ficam mantidos pela Anvisa.A nova determina\u00e7\u00e3o ser\u00e1&hellip;<\/p>\n","protected":false},"author":1,"featured_media":27578,"comment_status":"open","ping_status":"open","sticky":false,"template":"","format":"standard","meta":{"footnotes":""},"categories":[1],"tags":[],"class_list":["post-27577","post","type-post","status-publish","format-standard","has-post-thumbnail","hentry","category-noticias"],"_links":{"self":[{"href":"https:\/\/blogdorogeriogomes.com.br\/noticias\/wp-json\/wp\/v2\/posts\/27577","targetHints":{"allow":["GET"]}}],"collection":[{"href":"https:\/\/blogdorogeriogomes.com.br\/noticias\/wp-json\/wp\/v2\/posts"}],"about":[{"href":"https:\/\/blogdorogeriogomes.com.br\/noticias\/wp-json\/wp\/v2\/types\/post"}],"author":[{"embeddable":true,"href":"https:\/\/blogdorogeriogomes.com.br\/noticias\/wp-json\/wp\/v2\/users\/1"}],"replies":[{"embeddable":true,"href":"https:\/\/blogdorogeriogomes.com.br\/noticias\/wp-json\/wp\/v2\/comments?post=27577"}],"version-history":[{"count":1,"href":"https:\/\/blogdorogeriogomes.com.br\/noticias\/wp-json\/wp\/v2\/posts\/27577\/revisions"}],"predecessor-version":[{"id":27579,"href":"https:\/\/blogdorogeriogomes.com.br\/noticias\/wp-json\/wp\/v2\/posts\/27577\/revisions\/27579"}],"wp:featuredmedia":[{"embeddable":true,"href":"https:\/\/blogdorogeriogomes.com.br\/noticias\/wp-json\/wp\/v2\/media\/27578"}],"wp:attachment":[{"href":"https:\/\/blogdorogeriogomes.com.br\/noticias\/wp-json\/wp\/v2\/media?parent=27577"}],"wp:term":[{"taxonomy":"category","embeddable":true,"href":"https:\/\/blogdorogeriogomes.com.br\/noticias\/wp-json\/wp\/v2\/categories?post=27577"},{"taxonomy":"post_tag","embeddable":true,"href":"https:\/\/blogdorogeriogomes.com.br\/noticias\/wp-json\/wp\/v2\/tags?post=27577"}],"curies":[{"name":"wp","href":"https:\/\/api.w.org\/{rel}","templated":true}]}}