{"id":27593,"date":"2022-11-26T10:42:40","date_gmt":"2022-11-26T10:42:40","guid":{"rendered":"https:\/\/blogdorogeriogomes.com.br\/?p=27593"},"modified":"2022-11-28T10:22:37","modified_gmt":"2022-11-28T10:22:37","slug":"seduc-divulga-lista-de-professores-beneficiados-com-pagamento-dos-precatorios-do-fundef","status":"publish","type":"post","link":"https:\/\/blogdorogeriogomes.com.br\/noticias\/2022\/11\/seduc-divulga-lista-de-professores-beneficiados-com-pagamento-dos-precatorios-do-fundef\/","title":{"rendered":"Seduc divulga lista de professores beneficiados com pagamento dos precat\u00f3rios do Fundef"},"content":{"rendered":"\n<p>O Governo do Cear\u00e1 divulgou, nesta sexta-feira, dia 25 de novembro, os nomes dos professores que ser\u00e3o beneficiados com recursos dos precat\u00f3rios do Fundef&nbsp;(Fundo de Manuten\u00e7\u00e3o e Desenvolvimento do Ensino Fundamental e de Valoriza\u00e7\u00e3o do Magist\u00e9rio). Cerca de 50 mil profissionais da Educa\u00e7\u00e3o devem receber os recursos.<br>O an\u00fancio foi feito pela governadora&nbsp;Izolda Cela. A lista com os nomes foi divulgada no site da Secretaria de Educa\u00e7\u00e3o do Cear\u00e1 (Seduc).&nbsp;Ser\u00e3o beneficiados os profissionais do magist\u00e9rio que estavam em efetivo exerc\u00edcio na educa\u00e7\u00e3o b\u00e1sica Estadual entre agosto de 1998 e dezembro de 2006. Mais de R$ 709 milh\u00f5es ser\u00e3o destinado ao pagamentos dos profissionais.&nbsp;<br>Os profissionais do magist\u00e9rio poder\u00e3o consultar os valores que ir\u00e3o receber&nbsp;pelo site seduc.ce.gov.br<\/p>\n\n\n\n<figure class=\"wp-block-image size-large\"><img loading=\"lazy\" decoding=\"async\" width=\"1024\" height=\"576\" src=\"https:\/\/blogdorogeriogomes.com.br\/wp-content\/uploads\/2022\/11\/IMG-20221126-WA0001-1024x576.jpg\" alt=\"\" class=\"wp-image-27594\" srcset=\"https:\/\/blogdorogeriogomes.com.br\/noticias\/wp-content\/uploads\/2022\/11\/IMG-20221126-WA0001-1024x576.jpg 1024w, https:\/\/blogdorogeriogomes.com.br\/noticias\/wp-content\/uploads\/2022\/11\/IMG-20221126-WA0001-300x169.jpg 300w, https:\/\/blogdorogeriogomes.com.br\/noticias\/wp-content\/uploads\/2022\/11\/IMG-20221126-WA0001-768x432.jpg 768w, https:\/\/blogdorogeriogomes.com.br\/noticias\/wp-content\/uploads\/2022\/11\/IMG-20221126-WA0001-800x450.jpg 800w, https:\/\/blogdorogeriogomes.com.br\/noticias\/wp-content\/uploads\/2022\/11\/IMG-20221126-WA0001.jpg 1280w\" sizes=\"auto, (max-width: 1024px) 100vw, 1024px\" \/><\/figure>\n","protected":false},"excerpt":{"rendered":"<p>O Governo do Cear\u00e1 divulgou, nesta sexta-feira, dia 25 de novembro, os nomes dos professores que ser\u00e3o beneficiados com recursos dos precat\u00f3rios do Fundef&nbsp;(Fundo de Manuten\u00e7\u00e3o e Desenvolvimento do Ensino Fundamental e de Valoriza\u00e7\u00e3o do Magist\u00e9rio). Cerca de 50 mil profissionais da Educa\u00e7\u00e3o devem receber os recursos.O an\u00fancio foi feito pela governadora&nbsp;Izolda Cela. A lista com os nomes foi divulgada no site da Secretaria de Educa\u00e7\u00e3o do Cear\u00e1 (Seduc).&nbsp;Ser\u00e3o beneficiados os profissionais do magist\u00e9rio que estavam em efetivo exerc\u00edcio&hellip;<\/p>\n","protected":false},"author":1,"featured_media":27594,"comment_status":"open","ping_status":"open","sticky":false,"template":"","format":"standard","meta":{"footnotes":""},"categories":[1],"tags":[],"class_list":["post-27593","post","type-post","status-publish","format-standard","has-post-thumbnail","hentry","category-noticias"],"_links":{"self":[{"href":"https:\/\/blogdorogeriogomes.com.br\/noticias\/wp-json\/wp\/v2\/posts\/27593","targetHints":{"allow":["GET"]}}],"collection":[{"href":"https:\/\/blogdorogeriogomes.com.br\/noticias\/wp-json\/wp\/v2\/posts"}],"about":[{"href":"https:\/\/blogdorogeriogomes.com.br\/noticias\/wp-json\/wp\/v2\/types\/post"}],"author":[{"embeddable":true,"href":"https:\/\/blogdorogeriogomes.com.br\/noticias\/wp-json\/wp\/v2\/users\/1"}],"replies":[{"embeddable":true,"href":"https:\/\/blogdorogeriogomes.com.br\/noticias\/wp-json\/wp\/v2\/comments?post=27593"}],"version-history":[{"count":1,"href":"https:\/\/blogdorogeriogomes.com.br\/noticias\/wp-json\/wp\/v2\/posts\/27593\/revisions"}],"predecessor-version":[{"id":27595,"href":"https:\/\/blogdorogeriogomes.com.br\/noticias\/wp-json\/wp\/v2\/posts\/27593\/revisions\/27595"}],"wp:featuredmedia":[{"embeddable":true,"href":"https:\/\/blogdorogeriogomes.com.br\/noticias\/wp-json\/wp\/v2\/media\/27594"}],"wp:attachment":[{"href":"https:\/\/blogdorogeriogomes.com.br\/noticias\/wp-json\/wp\/v2\/media?parent=27593"}],"wp:term":[{"taxonomy":"category","embeddable":true,"href":"https:\/\/blogdorogeriogomes.com.br\/noticias\/wp-json\/wp\/v2\/categories?post=27593"},{"taxonomy":"post_tag","embeddable":true,"href":"https:\/\/blogdorogeriogomes.com.br\/noticias\/wp-json\/wp\/v2\/tags?post=27593"}],"curies":[{"name":"wp","href":"https:\/\/api.w.org\/{rel}","templated":true}]}}