{"id":27599,"date":"2022-11-27T12:02:55","date_gmt":"2022-11-27T12:02:55","guid":{"rendered":"https:\/\/blogdorogeriogomes.com.br\/?p=27599"},"modified":"2022-11-28T10:22:05","modified_gmt":"2022-11-28T10:22:05","slug":"cumbuco-e-a-unica-praia-do-ceara-a-hastear-bandeira-azul-e-celebrar-a-chancela-ambiental","status":"publish","type":"post","link":"https:\/\/blogdorogeriogomes.com.br\/noticias\/2022\/11\/cumbuco-e-a-unica-praia-do-ceara-a-hastear-bandeira-azul-e-celebrar-a-chancela-ambiental\/","title":{"rendered":"Cumbuco \u00e9 a \u00fanica praia do Cear\u00e1 a hastear Bandeira Azul e celebrar a chancela ambiental"},"content":{"rendered":"\n<p>A boa gest\u00e3o ambiental promovida pela Prefeitura de Caucaia, por meio da uni\u00e3o de todas as secretarias e tamb\u00e9m do Instituto do Meio Ambiente (Imac), trouxe bons frutos para o munic\u00edpio. Prova disso foi o recebimento da certifica\u00e7\u00e3o Bandeira Azul, chancela internacional que atesta as boas pr\u00e1ticas ambientais da gest\u00e3o no litoral. Na manh\u00e3 deste s\u00e1bado, dia 26 de novembro, a Praia do Cumbuco celebrou essa conquista com o hasteamento da Bandeira Azul, s\u00edmbolo do reconhecimento das a\u00e7\u00f5es das pol\u00edticas p\u00fablicas ambientais da Prefeitura de Caucaia no litoral. &nbsp;<\/p>\n\n\n\n<p>A abertura da cerim\u00f4nia foi marcada pela presen\u00e7a da Brigada da Natureza do Sesc, que apresentou um grupo de crian\u00e7as e adolescentes ao som de instrumentos de percuss\u00e3o e muita poesia. Durante a cerim\u00f4nia, o prefeito de Caucaia, que estava muito emocionado, destacou as pol\u00edticas municipais de preserva\u00e7\u00e3o ambiental que foram primordiais na conquista da certifica\u00e7\u00e3o internacional da Bandeira Azul e tamb\u00e9m destacou a \u00f3tima parceria com o Governo do Estado do Cear\u00e1.&nbsp;<\/p>\n\n\n\n<p>\u201cNossa praia do Cumbuco \u00e9 a \u00fanica certificada com a Bandeira Azul no Cear\u00e1 e fico feliz que esse trabalho possa servir de exemplo para tantas outras. Essa certifica\u00e7\u00e3o \u00e9 fruto de muitas a\u00e7\u00f5es. A Prefeitura est\u00e1 trabalhando para a sustentabilidade do nosso munic\u00edpio atrav\u00e9s de a\u00e7\u00f5es de revitaliza\u00e7\u00e3o da praia e tamb\u00e9m da lagoa do Cau\u00edpe, a duplica\u00e7\u00e3o da CE 090, saneamento b\u00e1sico, pavimenta\u00e7\u00e3o e educa\u00e7\u00e3o ambiental. Essas a\u00e7\u00f5es, algumas delas feitas em parceria com o Governo do Estado do Cear\u00e1, s\u00e3o de fundamental import\u00e2ncia para a consolida\u00e7\u00e3o das a\u00e7\u00f5es de sustentabilidade no nosso litoral. Isso tudo vai refletir na economia do munic\u00edpio, turismo e muito mais emprego para o caucaiense. A certifica\u00e7\u00e3o Bandeira Azul traz muitas oportunidades para o nosso munic\u00edpio. Significa mais desenvolvimento econ\u00f4mico, turismo, emprego e sustentabilidade para nosso povo\u201d, garantiu o prefeito.&nbsp;<\/p>\n\n\n\n<p>Al\u00e9m do prefeito de Caucaia Vitor Valim, o evento aconteceu com a presen\u00e7a do secret\u00e1rio do Meio Ambiente do Estado do Cear\u00e1, Artur Bruno; secret\u00e1ria de turismo e cultura (SETCULT), Yrwana Albuquerque; presidente do Instituto do Meio Ambiente de Caucaia (IMAC), Leandro Ara\u00fajo e a coordenadora Nacional do Programa Bandeira Azul, Leana Bernardi. &nbsp;&nbsp;<\/p>\n\n\n\n<p>O prefeito tamb\u00e9m garantiu que muitas novidades est\u00e3o por vir na \u00e1rea da sustentabilidade e tamb\u00e9m refor\u00e7ou parceria com a pasta do Turismo. Na ocasi\u00e3o, a secret\u00e1ria da SETCULT, Yrwana tamb\u00e9m falou sobre a certifica\u00e7\u00e3o. &#8220;O turismo sustent\u00e1vel \u00e9 muito importante dentro do poder p\u00fablico, e fico feliz de ter todas as secretarias juntas nessa miss\u00e3o\u201d, refor\u00e7ou Yrwana.&nbsp;<\/p>\n\n\n\n<p>Finalizando a cerim\u00f4nia, o presidente do IMAC, Leandro Ara\u00fajo, refor\u00e7ou as atividades feitas para a revolu\u00e7\u00e3o no movimento de preserva\u00e7\u00e3o do meio ambiente no munic\u00edpio. \u201cA conquista dessa Bandeira Azul refor\u00e7a a retomada do acesso p\u00fablico da popula\u00e7\u00e3o a uma praia limpa e, de fato, p\u00fablica. Quero destacar que tudo isso s\u00f3 foi poss\u00edvel com o compromisso da gest\u00e3o atual, que deu autonomia e investiu na fiscaliza\u00e7\u00e3o e licenciamento ambiental. Isso foi revolucion\u00e1rio para que a gente tenha trilhado esse caminho at\u00e9 aqui\u201d, destacou Leandro.&nbsp;<\/p>\n\n\n\n<p>A certifica\u00e7\u00e3o Bandeira Azul \u00e9 v\u00e1lida at\u00e9 novembro de 2023. Para manter o selo, a praia do Cumbuco precisa continuar a atender aos crit\u00e9rios rigorosos do programa. A coordenadora do programa Bandeira Azul, Leana Bernardi, esteve presente no hasteamento e frisou: \u201cessa \u00e9 a terceira vez que venho aqui e, cada vez que venho vejo melhoria nas a\u00e7\u00f5es de sustentabilidade. O Bandeira Azul \u00e9 uma conquista que \u00e9 cont\u00ednua. O trabalho est\u00e1 s\u00f3 come\u00e7ando, mas fico muito emocionada de presenciar que aqui temos esse compromisso sustent\u00e1vel. Quero dar os parab\u00e9ns ao poder p\u00fablico municipal, que tem sido muito forte e presente, e a comunidade por essa conquista\u201d, frisou.<\/p>\n\n\n\n<p>Bandeira Azul \u00e9 uma certifica\u00e7\u00e3o ecol\u00f3gica, volunt\u00e1ria, concedida a praias, marinas e embarca\u00e7\u00f5es de turismo.Para se qualificar, o munic\u00edpio deve atingir uma s\u00e9rie de crit\u00e9rios com foco em gest\u00e3o ambiental, qualidade da \u00e1gua, educa\u00e7\u00e3o ambiental, seguran\u00e7a, servi\u00e7os, turismo sustent\u00e1vel e responsabilidade social, que devem ser mantidos e comprovados anualmente.&nbsp;<\/p>\n\n\n\n<p>O Programa Bandeira Azul contemplou, nesta temporada, 29 praias e onze marinas do Brasil. A praia do Cumbuco \u00e9 a \u00fanica praia do Cear\u00e1 a receber essa certifica\u00e7\u00e3o internacional Bandeira Azul.<\/p>\n\n\n\n<figure class=\"wp-block-image size-large\"><img loading=\"lazy\" decoding=\"async\" width=\"682\" height=\"1024\" src=\"https:\/\/blogdorogeriogomes.com.br\/wp-content\/uploads\/2022\/11\/IMG-20221127-WA0000-682x1024.jpg\" alt=\"\" class=\"wp-image-27600\" srcset=\"https:\/\/blogdorogeriogomes.com.br\/noticias\/wp-content\/uploads\/2022\/11\/IMG-20221127-WA0000-682x1024.jpg 682w, https:\/\/blogdorogeriogomes.com.br\/noticias\/wp-content\/uploads\/2022\/11\/IMG-20221127-WA0000-200x300.jpg 200w, https:\/\/blogdorogeriogomes.com.br\/noticias\/wp-content\/uploads\/2022\/11\/IMG-20221127-WA0000-768x1152.jpg 768w, https:\/\/blogdorogeriogomes.com.br\/noticias\/wp-content\/uploads\/2022\/11\/IMG-20221127-WA0000-800x1200.jpg 800w, https:\/\/blogdorogeriogomes.com.br\/noticias\/wp-content\/uploads\/2022\/11\/IMG-20221127-WA0000.jpg 853w\" sizes=\"auto, (max-width: 682px) 100vw, 682px\" \/><\/figure>\n","protected":false},"excerpt":{"rendered":"<p>A boa gest\u00e3o ambiental promovida pela Prefeitura de Caucaia, por meio da uni\u00e3o de todas as secretarias e tamb\u00e9m do Instituto do Meio Ambiente (Imac), trouxe bons frutos para o munic\u00edpio. Prova disso foi o recebimento da certifica\u00e7\u00e3o Bandeira Azul, chancela internacional que atesta as boas pr\u00e1ticas ambientais da gest\u00e3o no litoral. Na manh\u00e3 deste s\u00e1bado, dia 26 de novembro, a Praia do Cumbuco celebrou essa conquista com o hasteamento da Bandeira Azul, s\u00edmbolo do reconhecimento das a\u00e7\u00f5es das&hellip;<\/p>\n","protected":false},"author":1,"featured_media":27600,"comment_status":"open","ping_status":"open","sticky":false,"template":"","format":"standard","meta":{"footnotes":""},"categories":[1],"tags":[],"class_list":["post-27599","post","type-post","status-publish","format-standard","has-post-thumbnail","hentry","category-noticias"],"_links":{"self":[{"href":"https:\/\/blogdorogeriogomes.com.br\/noticias\/wp-json\/wp\/v2\/posts\/27599","targetHints":{"allow":["GET"]}}],"collection":[{"href":"https:\/\/blogdorogeriogomes.com.br\/noticias\/wp-json\/wp\/v2\/posts"}],"about":[{"href":"https:\/\/blogdorogeriogomes.com.br\/noticias\/wp-json\/wp\/v2\/types\/post"}],"author":[{"embeddable":true,"href":"https:\/\/blogdorogeriogomes.com.br\/noticias\/wp-json\/wp\/v2\/users\/1"}],"replies":[{"embeddable":true,"href":"https:\/\/blogdorogeriogomes.com.br\/noticias\/wp-json\/wp\/v2\/comments?post=27599"}],"version-history":[{"count":2,"href":"https:\/\/blogdorogeriogomes.com.br\/noticias\/wp-json\/wp\/v2\/posts\/27599\/revisions"}],"predecessor-version":[{"id":27602,"href":"https:\/\/blogdorogeriogomes.com.br\/noticias\/wp-json\/wp\/v2\/posts\/27599\/revisions\/27602"}],"wp:featuredmedia":[{"embeddable":true,"href":"https:\/\/blogdorogeriogomes.com.br\/noticias\/wp-json\/wp\/v2\/media\/27600"}],"wp:attachment":[{"href":"https:\/\/blogdorogeriogomes.com.br\/noticias\/wp-json\/wp\/v2\/media?parent=27599"}],"wp:term":[{"taxonomy":"category","embeddable":true,"href":"https:\/\/blogdorogeriogomes.com.br\/noticias\/wp-json\/wp\/v2\/categories?post=27599"},{"taxonomy":"post_tag","embeddable":true,"href":"https:\/\/blogdorogeriogomes.com.br\/noticias\/wp-json\/wp\/v2\/tags?post=27599"}],"curies":[{"name":"wp","href":"https:\/\/api.w.org\/{rel}","templated":true}]}}