{"id":27603,"date":"2022-11-28T23:25:45","date_gmt":"2022-11-28T23:25:45","guid":{"rendered":"https:\/\/blogdorogeriogomes.com.br\/?p=27603"},"modified":"2022-11-28T23:25:47","modified_gmt":"2022-11-28T23:25:47","slug":"governo-do-ceara-garante-parcelamento-do-icms-para-o-comercio-em-dezembro","status":"publish","type":"post","link":"https:\/\/blogdorogeriogomes.com.br\/noticias\/2022\/11\/governo-do-ceara-garante-parcelamento-do-icms-para-o-comercio-em-dezembro\/","title":{"rendered":"Governo do Cear\u00e1 garante parcelamento do ICMS para o com\u00e9rcio em dezembro"},"content":{"rendered":"\n<p>O&nbsp;governador&nbsp;em exerc\u00edcio no Cear\u00e1,&nbsp;Evandro Leit\u00e3o (PDT), assinou o decreto que autoriza o&nbsp;parcelamento&nbsp;do Imposto sobre Circula\u00e7\u00e3o de Mercadorias e Servi\u00e7os (ICMS) referente \u00e0s vendas a prazo de&nbsp;dezembro&nbsp;de 2022. O an\u00fancio foi feito pelo chefe do Executivo. A regra beneficia lojistas cearenses.<br>Nesta segunda-feira, a governadora Izolda Cela reassumiu o Governo do Cear\u00e1 ap\u00f3s viagem a Inglaterra, onde participou na semana passada do &#8220;Encontro de Altas Lideran\u00e7as&#8221;, promovido pela Universidade de Oxford. Ela esteve acompanhada do governador eleito Elmano de Freitas (PT) e do senador eleito Camilo Santana (PT).<\/p>\n\n\n\n<figure class=\"wp-block-image size-full\"><img loading=\"lazy\" decoding=\"async\" width=\"857\" height=\"482\" src=\"https:\/\/blogdorogeriogomes.com.br\/wp-content\/uploads\/2022\/11\/IMG-20221128-WA0000.jpg\" alt=\"\" class=\"wp-image-27604\" srcset=\"https:\/\/blogdorogeriogomes.com.br\/noticias\/wp-content\/uploads\/2022\/11\/IMG-20221128-WA0000.jpg 857w, https:\/\/blogdorogeriogomes.com.br\/noticias\/wp-content\/uploads\/2022\/11\/IMG-20221128-WA0000-300x169.jpg 300w, https:\/\/blogdorogeriogomes.com.br\/noticias\/wp-content\/uploads\/2022\/11\/IMG-20221128-WA0000-768x432.jpg 768w, https:\/\/blogdorogeriogomes.com.br\/noticias\/wp-content\/uploads\/2022\/11\/IMG-20221128-WA0000-800x450.jpg 800w\" sizes=\"auto, (max-width: 857px) 100vw, 857px\" \/><\/figure>\n","protected":false},"excerpt":{"rendered":"<p>O&nbsp;governador&nbsp;em exerc\u00edcio no Cear\u00e1,&nbsp;Evandro Leit\u00e3o (PDT), assinou o decreto que autoriza o&nbsp;parcelamento&nbsp;do Imposto sobre Circula\u00e7\u00e3o de Mercadorias e Servi\u00e7os (ICMS) referente \u00e0s vendas a prazo de&nbsp;dezembro&nbsp;de 2022. O an\u00fancio foi feito pelo chefe do Executivo. A regra beneficia lojistas cearenses.Nesta segunda-feira, a governadora Izolda Cela reassumiu o Governo do Cear\u00e1 ap\u00f3s viagem a Inglaterra, onde participou na semana passada do &#8220;Encontro de Altas Lideran\u00e7as&#8221;, promovido pela Universidade de Oxford. Ela esteve acompanhada do governador eleito Elmano de Freitas (PT)&hellip;<\/p>\n","protected":false},"author":1,"featured_media":0,"comment_status":"open","ping_status":"open","sticky":false,"template":"","format":"standard","meta":{"footnotes":""},"categories":[1],"tags":[],"class_list":["post-27603","post","type-post","status-publish","format-standard","hentry","category-noticias"],"_links":{"self":[{"href":"https:\/\/blogdorogeriogomes.com.br\/noticias\/wp-json\/wp\/v2\/posts\/27603","targetHints":{"allow":["GET"]}}],"collection":[{"href":"https:\/\/blogdorogeriogomes.com.br\/noticias\/wp-json\/wp\/v2\/posts"}],"about":[{"href":"https:\/\/blogdorogeriogomes.com.br\/noticias\/wp-json\/wp\/v2\/types\/post"}],"author":[{"embeddable":true,"href":"https:\/\/blogdorogeriogomes.com.br\/noticias\/wp-json\/wp\/v2\/users\/1"}],"replies":[{"embeddable":true,"href":"https:\/\/blogdorogeriogomes.com.br\/noticias\/wp-json\/wp\/v2\/comments?post=27603"}],"version-history":[{"count":1,"href":"https:\/\/blogdorogeriogomes.com.br\/noticias\/wp-json\/wp\/v2\/posts\/27603\/revisions"}],"predecessor-version":[{"id":27605,"href":"https:\/\/blogdorogeriogomes.com.br\/noticias\/wp-json\/wp\/v2\/posts\/27603\/revisions\/27605"}],"wp:attachment":[{"href":"https:\/\/blogdorogeriogomes.com.br\/noticias\/wp-json\/wp\/v2\/media?parent=27603"}],"wp:term":[{"taxonomy":"category","embeddable":true,"href":"https:\/\/blogdorogeriogomes.com.br\/noticias\/wp-json\/wp\/v2\/categories?post=27603"},{"taxonomy":"post_tag","embeddable":true,"href":"https:\/\/blogdorogeriogomes.com.br\/noticias\/wp-json\/wp\/v2\/tags?post=27603"}],"curies":[{"name":"wp","href":"https:\/\/api.w.org\/{rel}","templated":true}]}}