{"id":27606,"date":"2022-11-28T23:29:30","date_gmt":"2022-11-28T23:29:30","guid":{"rendered":"https:\/\/blogdorogeriogomes.com.br\/?p=27606"},"modified":"2022-11-29T11:32:36","modified_gmt":"2022-11-29T11:32:36","slug":"funsaude-anuncia-convocacao-de-315-concursados-no-ceara","status":"publish","type":"post","link":"https:\/\/blogdorogeriogomes.com.br\/noticias\/2022\/11\/funsaude-anuncia-convocacao-de-315-concursados-no-ceara\/","title":{"rendered":"Funsaude anuncia convoca\u00e7\u00e3o de 315 concursados no Cear\u00e1"},"content":{"rendered":"\n<p>A Funda\u00e7\u00e3o Regional de Sa\u00fade (Funsa\u00fade) convocou, nesta segunda-feira, dia 28 de novembro, 315 candidatos aprovados no&nbsp;concurso p\u00fablico&nbsp;da institui\u00e7\u00e3o, ocorrido em 2021. Ao todo, foram chamados&nbsp;56 profissionais da \u00e1rea assistencial, 230 da \u00e1rea m\u00e9dica e 29 da \u00e1rea administrativa.<br>As listas com os nomes dos aprovados constam no Di\u00e1rio Oficial do Estado do Cear\u00e1, com cota de 20% das vagas para participantes negros e 5% para Pessoas com Defici\u00eancia. Os profissionais assumir\u00e3o cargos na sede da Funsa\u00fade e no HGF. At\u00e9 ent\u00e3o, s\u00f3 322 pessoas tinham sido contratadas.<\/p>\n\n\n\n<figure class=\"wp-block-image size-full\"><img loading=\"lazy\" decoding=\"async\" width=\"600\" height=\"400\" src=\"https:\/\/blogdorogeriogomes.com.br\/wp-content\/uploads\/2022\/11\/IMG-20221128-WA0001.jpg\" alt=\"\" class=\"wp-image-27607\" srcset=\"https:\/\/blogdorogeriogomes.com.br\/noticias\/wp-content\/uploads\/2022\/11\/IMG-20221128-WA0001.jpg 600w, https:\/\/blogdorogeriogomes.com.br\/noticias\/wp-content\/uploads\/2022\/11\/IMG-20221128-WA0001-300x200.jpg 300w\" sizes=\"auto, (max-width: 600px) 100vw, 600px\" \/><\/figure>\n","protected":false},"excerpt":{"rendered":"<p>A Funda\u00e7\u00e3o Regional de Sa\u00fade (Funsa\u00fade) convocou, nesta segunda-feira, dia 28 de novembro, 315 candidatos aprovados no&nbsp;concurso p\u00fablico&nbsp;da institui\u00e7\u00e3o, ocorrido em 2021. Ao todo, foram chamados&nbsp;56 profissionais da \u00e1rea assistencial, 230 da \u00e1rea m\u00e9dica e 29 da \u00e1rea administrativa.As listas com os nomes dos aprovados constam no Di\u00e1rio Oficial do Estado do Cear\u00e1, com cota de 20% das vagas para participantes negros e 5% para Pessoas com Defici\u00eancia. Os profissionais assumir\u00e3o cargos na sede da Funsa\u00fade e no HGF.&hellip;<\/p>\n","protected":false},"author":1,"featured_media":27607,"comment_status":"open","ping_status":"open","sticky":false,"template":"","format":"standard","meta":{"footnotes":""},"categories":[1],"tags":[],"class_list":["post-27606","post","type-post","status-publish","format-standard","has-post-thumbnail","hentry","category-noticias"],"_links":{"self":[{"href":"https:\/\/blogdorogeriogomes.com.br\/noticias\/wp-json\/wp\/v2\/posts\/27606","targetHints":{"allow":["GET"]}}],"collection":[{"href":"https:\/\/blogdorogeriogomes.com.br\/noticias\/wp-json\/wp\/v2\/posts"}],"about":[{"href":"https:\/\/blogdorogeriogomes.com.br\/noticias\/wp-json\/wp\/v2\/types\/post"}],"author":[{"embeddable":true,"href":"https:\/\/blogdorogeriogomes.com.br\/noticias\/wp-json\/wp\/v2\/users\/1"}],"replies":[{"embeddable":true,"href":"https:\/\/blogdorogeriogomes.com.br\/noticias\/wp-json\/wp\/v2\/comments?post=27606"}],"version-history":[{"count":1,"href":"https:\/\/blogdorogeriogomes.com.br\/noticias\/wp-json\/wp\/v2\/posts\/27606\/revisions"}],"predecessor-version":[{"id":27608,"href":"https:\/\/blogdorogeriogomes.com.br\/noticias\/wp-json\/wp\/v2\/posts\/27606\/revisions\/27608"}],"wp:featuredmedia":[{"embeddable":true,"href":"https:\/\/blogdorogeriogomes.com.br\/noticias\/wp-json\/wp\/v2\/media\/27607"}],"wp:attachment":[{"href":"https:\/\/blogdorogeriogomes.com.br\/noticias\/wp-json\/wp\/v2\/media?parent=27606"}],"wp:term":[{"taxonomy":"category","embeddable":true,"href":"https:\/\/blogdorogeriogomes.com.br\/noticias\/wp-json\/wp\/v2\/categories?post=27606"},{"taxonomy":"post_tag","embeddable":true,"href":"https:\/\/blogdorogeriogomes.com.br\/noticias\/wp-json\/wp\/v2\/tags?post=27606"}],"curies":[{"name":"wp","href":"https:\/\/api.w.org\/{rel}","templated":true}]}}