{"id":27612,"date":"2022-11-29T10:59:41","date_gmt":"2022-11-29T10:59:41","guid":{"rendered":"https:\/\/blogdorogeriogomes.com.br\/?p=27612"},"modified":"2022-11-29T11:32:22","modified_gmt":"2022-11-29T11:32:22","slug":"izolda-cela-e-jose-sarto-antecipam-pagamento-da-segunda-parcela-do-13-salario-de-servidores-estaduais-e-municipais","status":"publish","type":"post","link":"https:\/\/blogdorogeriogomes.com.br\/noticias\/2022\/11\/izolda-cela-e-jose-sarto-antecipam-pagamento-da-segunda-parcela-do-13-salario-de-servidores-estaduais-e-municipais\/","title":{"rendered":"Izolda Cela e Jos\u00e9 Sarto antecipam pagamento da segunda parcela do 13\u00b0 sal\u00e1rio de servidores estaduais e municipais"},"content":{"rendered":"\n<p>A governadora do Cear\u00e1, Izolda Cela, e o prefeito de Fortaleza, Jos\u00e9 Sarto (PDT), decidiram antecipar o pagamento da segunda parcela do 13\u00b0 sal\u00e1rio dos servidores estaduais e de Fortaleza.<br>No caso da Capital, a segunda parcela ser\u00e1 paga em 15 de dezembro. Ser\u00e3o beneficiados 54.299 trabalhadores, aposentados e pensionistas, com um investimento de R$ 297 milh\u00f5es. &#8220;Somado com os sal\u00e1rios de novembro e dezembro, que ser\u00e3o pagos em 1\u00ba de dezembro e 1\u00ba de janeiro respectivamente, vamos injetar em um m\u00eas o total de R$ 1,1 bilh\u00e3o na nossa economia&#8221;, disse Jos\u00e9 Sarto.<br>Em n\u00edvel estadual, o Governo do Cear\u00e1 antecipar\u00e1 o pagamento para o pr\u00f3ximo dia 16 de dezembro. Ser\u00e3o beneficiados, no total, mais de 180 mil servidores, entre ativos, aposentados e pensionistas. &#8220;Com essa antecipa\u00e7\u00e3o, vamos injetar na economia do Cear\u00e1, em dezembro, cerca de R$ 2,5 bilh\u00f5es, contando as folhas salariais de novembro, paga dia 1\u00b0 de dezembro, e de dezembro, que tamb\u00e9m ser\u00e1 antecipada e estar\u00e1 na conta dos servidores no fim do pr\u00f3ximo m\u00eas&#8221;, destacou a governadora Izolda Cela.<\/p>\n\n\n\n<figure class=\"wp-block-image size-full\"><img loading=\"lazy\" decoding=\"async\" width=\"679\" height=\"451\" src=\"https:\/\/blogdorogeriogomes.com.br\/wp-content\/uploads\/2022\/11\/IMG-20221129-WA0001.jpg\" alt=\"\" class=\"wp-image-27613\" srcset=\"https:\/\/blogdorogeriogomes.com.br\/noticias\/wp-content\/uploads\/2022\/11\/IMG-20221129-WA0001.jpg 679w, https:\/\/blogdorogeriogomes.com.br\/noticias\/wp-content\/uploads\/2022\/11\/IMG-20221129-WA0001-300x199.jpg 300w\" sizes=\"auto, (max-width: 679px) 100vw, 679px\" \/><\/figure>\n","protected":false},"excerpt":{"rendered":"<p>A governadora do Cear\u00e1, Izolda Cela, e o prefeito de Fortaleza, Jos\u00e9 Sarto (PDT), decidiram antecipar o pagamento da segunda parcela do 13\u00b0 sal\u00e1rio dos servidores estaduais e de Fortaleza.No caso da Capital, a segunda parcela ser\u00e1 paga em 15 de dezembro. Ser\u00e3o beneficiados 54.299 trabalhadores, aposentados e pensionistas, com um investimento de R$ 297 milh\u00f5es. &#8220;Somado com os sal\u00e1rios de novembro e dezembro, que ser\u00e3o pagos em 1\u00ba de dezembro e 1\u00ba de janeiro respectivamente, vamos injetar em&hellip;<\/p>\n","protected":false},"author":1,"featured_media":27613,"comment_status":"open","ping_status":"open","sticky":false,"template":"","format":"standard","meta":{"footnotes":""},"categories":[1],"tags":[],"class_list":["post-27612","post","type-post","status-publish","format-standard","has-post-thumbnail","hentry","category-noticias"],"_links":{"self":[{"href":"https:\/\/blogdorogeriogomes.com.br\/noticias\/wp-json\/wp\/v2\/posts\/27612","targetHints":{"allow":["GET"]}}],"collection":[{"href":"https:\/\/blogdorogeriogomes.com.br\/noticias\/wp-json\/wp\/v2\/posts"}],"about":[{"href":"https:\/\/blogdorogeriogomes.com.br\/noticias\/wp-json\/wp\/v2\/types\/post"}],"author":[{"embeddable":true,"href":"https:\/\/blogdorogeriogomes.com.br\/noticias\/wp-json\/wp\/v2\/users\/1"}],"replies":[{"embeddable":true,"href":"https:\/\/blogdorogeriogomes.com.br\/noticias\/wp-json\/wp\/v2\/comments?post=27612"}],"version-history":[{"count":1,"href":"https:\/\/blogdorogeriogomes.com.br\/noticias\/wp-json\/wp\/v2\/posts\/27612\/revisions"}],"predecessor-version":[{"id":27614,"href":"https:\/\/blogdorogeriogomes.com.br\/noticias\/wp-json\/wp\/v2\/posts\/27612\/revisions\/27614"}],"wp:featuredmedia":[{"embeddable":true,"href":"https:\/\/blogdorogeriogomes.com.br\/noticias\/wp-json\/wp\/v2\/media\/27613"}],"wp:attachment":[{"href":"https:\/\/blogdorogeriogomes.com.br\/noticias\/wp-json\/wp\/v2\/media?parent=27612"}],"wp:term":[{"taxonomy":"category","embeddable":true,"href":"https:\/\/blogdorogeriogomes.com.br\/noticias\/wp-json\/wp\/v2\/categories?post=27612"},{"taxonomy":"post_tag","embeddable":true,"href":"https:\/\/blogdorogeriogomes.com.br\/noticias\/wp-json\/wp\/v2\/tags?post=27612"}],"curies":[{"name":"wp","href":"https:\/\/api.w.org\/{rel}","templated":true}]}}