{"id":27618,"date":"2022-11-30T01:30:37","date_gmt":"2022-11-30T01:30:37","guid":{"rendered":"https:\/\/blogdorogeriogomes.com.br\/?p=27618"},"modified":"2022-11-30T11:47:42","modified_gmt":"2022-11-30T11:47:42","slug":"gardel-rolim-define-chapa-da-mesa-diretora-e-deve-ser-eleito-novo-presidente-da-camara-municipal-de-fortaleza","status":"publish","type":"post","link":"https:\/\/blogdorogeriogomes.com.br\/noticias\/2022\/11\/gardel-rolim-define-chapa-da-mesa-diretora-e-deve-ser-eleito-novo-presidente-da-camara-municipal-de-fortaleza\/","title":{"rendered":"Gardel Rolim define chapa da Mesa Diretora e deve ser eleito novo presidente da C\u00e2mara Municipal de Fortaleza"},"content":{"rendered":"\n<p>O vereador e l\u00edder do prefeito Jos\u00e9 Sarto na C\u00e2mara Municipal de Fortaleza, Gardel Rolim (PDT), definiu a chapa da Mesa Diretora que ser\u00e1 votada nesta quinta-feira, dia 1\u00b0 de dezembro. A chapa \u00fanica ser\u00e1 encabe\u00e7ada por Gardel Rolim que dever\u00e1 ser eleito novo presidente do Legislativo Municipal pelos pr\u00f3ximos dois anos. O eleito ir\u00e1 substituir o atual presidente Ant\u00f4nio Henrique (PDT), que foi eleito deputado estadual e assume mandato na Assembleia Legislativa do Cear\u00e1, em fevereiro do pr\u00f3ximo ano.<br>Confira a composi\u00e7\u00e3o da chapa da Mesa Diretora na C\u00e2mara Municipal de Fortaleza:<\/p>\n\n\n\n<p>Presidente: Gardel Rolim (PDT)<br>1\u00ba vice: Paulo Martins (PDT)<br>2\u00ba vice: Renan Colares (PDT)<br>3\u00ba vice: Cl\u00e1udia Gomes (PSDB)<\/p>\n\n\n\n<p>1\u00ba secret\u00e1rio: Bruno Mesquita (Pros)<br>2\u00ba secret\u00e1rio: F\u00e1bio Rubens (PSB)<br>3\u00ba secret\u00e1rio: Katia Rodrigues (Cidadania)<\/p>\n\n\n\n<p>1\u00ba vogal: Ana Aracap\u00e9 (PL)<br>2\u00ba vogal: Luciano Gir\u00e3o (PP)<br>3\u00ba vogal: Estrela Barros (Rede)<\/p>\n\n\n\n<figure class=\"wp-block-image size-full\"><img loading=\"lazy\" decoding=\"async\" width=\"679\" height=\"452\" src=\"https:\/\/blogdorogeriogomes.com.br\/wp-content\/uploads\/2022\/11\/IMG-20221129-WA0004.jpg\" alt=\"\" class=\"wp-image-27619\" srcset=\"https:\/\/blogdorogeriogomes.com.br\/noticias\/wp-content\/uploads\/2022\/11\/IMG-20221129-WA0004.jpg 679w, https:\/\/blogdorogeriogomes.com.br\/noticias\/wp-content\/uploads\/2022\/11\/IMG-20221129-WA0004-300x200.jpg 300w\" sizes=\"auto, (max-width: 679px) 100vw, 679px\" \/><\/figure>\n","protected":false},"excerpt":{"rendered":"<p>O vereador e l\u00edder do prefeito Jos\u00e9 Sarto na C\u00e2mara Municipal de Fortaleza, Gardel Rolim (PDT), definiu a chapa da Mesa Diretora que ser\u00e1 votada nesta quinta-feira, dia 1\u00b0 de dezembro. A chapa \u00fanica ser\u00e1 encabe\u00e7ada por Gardel Rolim que dever\u00e1 ser eleito novo presidente do Legislativo Municipal pelos pr\u00f3ximos dois anos. O eleito ir\u00e1 substituir o atual presidente Ant\u00f4nio Henrique (PDT), que foi eleito deputado estadual e assume mandato na Assembleia Legislativa do Cear\u00e1, em fevereiro do pr\u00f3ximo&hellip;<\/p>\n","protected":false},"author":1,"featured_media":27619,"comment_status":"open","ping_status":"open","sticky":false,"template":"","format":"standard","meta":{"footnotes":""},"categories":[1],"tags":[],"class_list":["post-27618","post","type-post","status-publish","format-standard","has-post-thumbnail","hentry","category-noticias"],"_links":{"self":[{"href":"https:\/\/blogdorogeriogomes.com.br\/noticias\/wp-json\/wp\/v2\/posts\/27618","targetHints":{"allow":["GET"]}}],"collection":[{"href":"https:\/\/blogdorogeriogomes.com.br\/noticias\/wp-json\/wp\/v2\/posts"}],"about":[{"href":"https:\/\/blogdorogeriogomes.com.br\/noticias\/wp-json\/wp\/v2\/types\/post"}],"author":[{"embeddable":true,"href":"https:\/\/blogdorogeriogomes.com.br\/noticias\/wp-json\/wp\/v2\/users\/1"}],"replies":[{"embeddable":true,"href":"https:\/\/blogdorogeriogomes.com.br\/noticias\/wp-json\/wp\/v2\/comments?post=27618"}],"version-history":[{"count":1,"href":"https:\/\/blogdorogeriogomes.com.br\/noticias\/wp-json\/wp\/v2\/posts\/27618\/revisions"}],"predecessor-version":[{"id":27620,"href":"https:\/\/blogdorogeriogomes.com.br\/noticias\/wp-json\/wp\/v2\/posts\/27618\/revisions\/27620"}],"wp:featuredmedia":[{"embeddable":true,"href":"https:\/\/blogdorogeriogomes.com.br\/noticias\/wp-json\/wp\/v2\/media\/27619"}],"wp:attachment":[{"href":"https:\/\/blogdorogeriogomes.com.br\/noticias\/wp-json\/wp\/v2\/media?parent=27618"}],"wp:term":[{"taxonomy":"category","embeddable":true,"href":"https:\/\/blogdorogeriogomes.com.br\/noticias\/wp-json\/wp\/v2\/categories?post=27618"},{"taxonomy":"post_tag","embeddable":true,"href":"https:\/\/blogdorogeriogomes.com.br\/noticias\/wp-json\/wp\/v2\/tags?post=27618"}],"curies":[{"name":"wp","href":"https:\/\/api.w.org\/{rel}","templated":true}]}}