{"id":27621,"date":"2022-11-30T01:33:10","date_gmt":"2022-11-30T01:33:10","guid":{"rendered":"https:\/\/blogdorogeriogomes.com.br\/?p=27621"},"modified":"2022-11-30T11:47:22","modified_gmt":"2022-11-30T11:47:22","slug":"tse-define-datas-para-diplomacao-dos-eleitos-no-pleito-deste-ano","status":"publish","type":"post","link":"https:\/\/blogdorogeriogomes.com.br\/noticias\/2022\/11\/tse-define-datas-para-diplomacao-dos-eleitos-no-pleito-deste-ano\/","title":{"rendered":"TSE define datas para diploma\u00e7\u00e3o dos eleitos no pleito deste ano"},"content":{"rendered":"\n<p>O Tribunal Superior Eleitoral (TSE) marcou para o dia 12 de dezembro a cerim\u00f4nia de diploma\u00e7\u00e3o do presidente eleito Luiz In\u00e1cio Lula da Silva (PT) e do vice-presidente Geraldo Alckmin (PSB).&nbsp;<br>No Cear\u00e1, o Tribunal Regional Eleitoral (TRE) definiu a data da diploma\u00e7\u00e3o dos vencedores da elei\u00e7\u00e3o deste ano para o dia 16 de dezembro, \u00e0s 17 horas na sede do \u00f3rg\u00e3o. Apenas os eleitos participar\u00e3o do evento.&nbsp;<br>Ser\u00e3o diplomados o governador eleito Elmano Freitas (PT), a vice-governadora Jade Romero (MDB), o senador eleito Camilo Santana (PT) e os deputados estaduais e federais.&nbsp;<br>A posse de Elmano e Jade acontece no dia 1\u00b0 de janeiro, no Pal\u00e1cio da Aboli\u00e7\u00e3o. J\u00e1 a de Camilo Santana e dos deputados federais, no dia 1\u00b0 de fevereiro, em Bras\u00edlia.&nbsp;Os deputados estaduais tamb\u00e9m tomam posse na Assembleia Legislativa do Cear\u00e1 em 1\u00b0 de fevereiro.<\/p>\n\n\n\n<figure class=\"wp-block-image size-large\"><img loading=\"lazy\" decoding=\"async\" width=\"1024\" height=\"492\" src=\"https:\/\/blogdorogeriogomes.com.br\/wp-content\/uploads\/2022\/11\/IMG-20221129-WA0005-1024x492.jpg\" alt=\"\" class=\"wp-image-27622\" srcset=\"https:\/\/blogdorogeriogomes.com.br\/noticias\/wp-content\/uploads\/2022\/11\/IMG-20221129-WA0005-1024x492.jpg 1024w, https:\/\/blogdorogeriogomes.com.br\/noticias\/wp-content\/uploads\/2022\/11\/IMG-20221129-WA0005-300x144.jpg 300w, https:\/\/blogdorogeriogomes.com.br\/noticias\/wp-content\/uploads\/2022\/11\/IMG-20221129-WA0005-768x369.jpg 768w, https:\/\/blogdorogeriogomes.com.br\/noticias\/wp-content\/uploads\/2022\/11\/IMG-20221129-WA0005-800x384.jpg 800w, https:\/\/blogdorogeriogomes.com.br\/noticias\/wp-content\/uploads\/2022\/11\/IMG-20221129-WA0005.jpg 1250w\" sizes=\"auto, (max-width: 1024px) 100vw, 1024px\" \/><\/figure>\n\n\n\n<figure class=\"wp-block-image size-full\"><img loading=\"lazy\" decoding=\"async\" width=\"578\" height=\"578\" src=\"https:\/\/blogdorogeriogomes.com.br\/wp-content\/uploads\/2022\/11\/IMG-20221129-WA0006.jpg\" alt=\"\" class=\"wp-image-27623\" srcset=\"https:\/\/blogdorogeriogomes.com.br\/noticias\/wp-content\/uploads\/2022\/11\/IMG-20221129-WA0006.jpg 578w, https:\/\/blogdorogeriogomes.com.br\/noticias\/wp-content\/uploads\/2022\/11\/IMG-20221129-WA0006-300x300.jpg 300w, https:\/\/blogdorogeriogomes.com.br\/noticias\/wp-content\/uploads\/2022\/11\/IMG-20221129-WA0006-150x150.jpg 150w, https:\/\/blogdorogeriogomes.com.br\/noticias\/wp-content\/uploads\/2022\/11\/IMG-20221129-WA0006-250x250.jpg 250w\" sizes=\"auto, (max-width: 578px) 100vw, 578px\" \/><\/figure>\n","protected":false},"excerpt":{"rendered":"<p>O Tribunal Superior Eleitoral (TSE) marcou para o dia 12 de dezembro a cerim\u00f4nia de diploma\u00e7\u00e3o do presidente eleito Luiz In\u00e1cio Lula da Silva (PT) e do vice-presidente Geraldo Alckmin (PSB).&nbsp;No Cear\u00e1, o Tribunal Regional Eleitoral (TRE) definiu a data da diploma\u00e7\u00e3o dos vencedores da elei\u00e7\u00e3o deste ano para o dia 16 de dezembro, \u00e0s 17 horas na sede do \u00f3rg\u00e3o. Apenas os eleitos participar\u00e3o do evento.&nbsp;Ser\u00e3o diplomados o governador eleito Elmano Freitas (PT), a vice-governadora Jade Romero (MDB),&hellip;<\/p>\n","protected":false},"author":1,"featured_media":27622,"comment_status":"open","ping_status":"open","sticky":false,"template":"","format":"standard","meta":{"footnotes":""},"categories":[1],"tags":[],"class_list":["post-27621","post","type-post","status-publish","format-standard","has-post-thumbnail","hentry","category-noticias"],"_links":{"self":[{"href":"https:\/\/blogdorogeriogomes.com.br\/noticias\/wp-json\/wp\/v2\/posts\/27621","targetHints":{"allow":["GET"]}}],"collection":[{"href":"https:\/\/blogdorogeriogomes.com.br\/noticias\/wp-json\/wp\/v2\/posts"}],"about":[{"href":"https:\/\/blogdorogeriogomes.com.br\/noticias\/wp-json\/wp\/v2\/types\/post"}],"author":[{"embeddable":true,"href":"https:\/\/blogdorogeriogomes.com.br\/noticias\/wp-json\/wp\/v2\/users\/1"}],"replies":[{"embeddable":true,"href":"https:\/\/blogdorogeriogomes.com.br\/noticias\/wp-json\/wp\/v2\/comments?post=27621"}],"version-history":[{"count":1,"href":"https:\/\/blogdorogeriogomes.com.br\/noticias\/wp-json\/wp\/v2\/posts\/27621\/revisions"}],"predecessor-version":[{"id":27624,"href":"https:\/\/blogdorogeriogomes.com.br\/noticias\/wp-json\/wp\/v2\/posts\/27621\/revisions\/27624"}],"wp:featuredmedia":[{"embeddable":true,"href":"https:\/\/blogdorogeriogomes.com.br\/noticias\/wp-json\/wp\/v2\/media\/27622"}],"wp:attachment":[{"href":"https:\/\/blogdorogeriogomes.com.br\/noticias\/wp-json\/wp\/v2\/media?parent=27621"}],"wp:term":[{"taxonomy":"category","embeddable":true,"href":"https:\/\/blogdorogeriogomes.com.br\/noticias\/wp-json\/wp\/v2\/categories?post=27621"},{"taxonomy":"post_tag","embeddable":true,"href":"https:\/\/blogdorogeriogomes.com.br\/noticias\/wp-json\/wp\/v2\/tags?post=27621"}],"curies":[{"name":"wp","href":"https:\/\/api.w.org\/{rel}","templated":true}]}}