{"id":27625,"date":"2022-11-30T10:49:24","date_gmt":"2022-11-30T10:49:24","guid":{"rendered":"https:\/\/blogdorogeriogomes.com.br\/?p=27625"},"modified":"2022-11-30T11:46:24","modified_gmt":"2022-11-30T11:46:24","slug":"exame-spaece-volta-a-ser-aplicado-nas-escolas-publicas-do-ceara","status":"publish","type":"post","link":"https:\/\/blogdorogeriogomes.com.br\/noticias\/2022\/11\/exame-spaece-volta-a-ser-aplicado-nas-escolas-publicas-do-ceara\/","title":{"rendered":"Exame Spaece volta a ser aplicado nas escolas p\u00fablicas do Cear\u00e1"},"content":{"rendered":"\n<p>Alunos da rede p\u00fablica de ensino do Cear\u00e1 iniciaram nesta ter\u00e7a-feira, dia 29 de novembro, o primeiro dia de provas do Spaece 2022, o Sistema de Avalia\u00e7\u00e3o da Educa\u00e7\u00e3o B\u00e1sica do Cear\u00e1. Suspenso h\u00e1 dois anos por causa da pandemia de Covid-19, o exame ser\u00e1 aplicado at\u00e9 amanh\u00e3, dia 1\u00ba de dezembro, a cerca de 350 mil alunos do 2\u00ba, 5\u00ba e 9\u00ba anos do ensino fundamental em todas as escolas da rede estadual e nos 184 munic\u00edpios.<br>Fortaleza \u00e9 a cidade com maior n\u00famero de estudantes aptos a participar da prova S\u00e3o mais de 58 mil alunos prestando o exame nos tr\u00eas dias de aplica\u00e7\u00e3o. O foco da avalia\u00e7\u00e3o, segundo a Secretaria de Educa\u00e7\u00e3o do Estado (Seduc), \u00e9 medir as compet\u00eancias e habilidades dos estudantes para subsidiar a formula\u00e7\u00e3o, reformula\u00e7\u00e3o e o monitoramento de pol\u00edticas educacionais.<\/p>\n\n\n\n<figure class=\"wp-block-image size-full\"><img loading=\"lazy\" decoding=\"async\" width=\"818\" height=\"459\" src=\"https:\/\/blogdorogeriogomes.com.br\/wp-content\/uploads\/2022\/11\/IMG-20221130-WA0000.jpg\" alt=\"\" class=\"wp-image-27626\" srcset=\"https:\/\/blogdorogeriogomes.com.br\/noticias\/wp-content\/uploads\/2022\/11\/IMG-20221130-WA0000.jpg 818w, https:\/\/blogdorogeriogomes.com.br\/noticias\/wp-content\/uploads\/2022\/11\/IMG-20221130-WA0000-300x168.jpg 300w, https:\/\/blogdorogeriogomes.com.br\/noticias\/wp-content\/uploads\/2022\/11\/IMG-20221130-WA0000-768x431.jpg 768w, https:\/\/blogdorogeriogomes.com.br\/noticias\/wp-content\/uploads\/2022\/11\/IMG-20221130-WA0000-800x449.jpg 800w\" sizes=\"auto, (max-width: 818px) 100vw, 818px\" \/><\/figure>\n","protected":false},"excerpt":{"rendered":"<p>Alunos da rede p\u00fablica de ensino do Cear\u00e1 iniciaram nesta ter\u00e7a-feira, dia 29 de novembro, o primeiro dia de provas do Spaece 2022, o Sistema de Avalia\u00e7\u00e3o da Educa\u00e7\u00e3o B\u00e1sica do Cear\u00e1. Suspenso h\u00e1 dois anos por causa da pandemia de Covid-19, o exame ser\u00e1 aplicado at\u00e9 amanh\u00e3, dia 1\u00ba de dezembro, a cerca de 350 mil alunos do 2\u00ba, 5\u00ba e 9\u00ba anos do ensino fundamental em todas as escolas da rede estadual e nos 184 munic\u00edpios.Fortaleza \u00e9&hellip;<\/p>\n","protected":false},"author":1,"featured_media":27626,"comment_status":"open","ping_status":"open","sticky":false,"template":"","format":"standard","meta":{"footnotes":""},"categories":[1],"tags":[],"class_list":["post-27625","post","type-post","status-publish","format-standard","has-post-thumbnail","hentry","category-noticias"],"_links":{"self":[{"href":"https:\/\/blogdorogeriogomes.com.br\/noticias\/wp-json\/wp\/v2\/posts\/27625","targetHints":{"allow":["GET"]}}],"collection":[{"href":"https:\/\/blogdorogeriogomes.com.br\/noticias\/wp-json\/wp\/v2\/posts"}],"about":[{"href":"https:\/\/blogdorogeriogomes.com.br\/noticias\/wp-json\/wp\/v2\/types\/post"}],"author":[{"embeddable":true,"href":"https:\/\/blogdorogeriogomes.com.br\/noticias\/wp-json\/wp\/v2\/users\/1"}],"replies":[{"embeddable":true,"href":"https:\/\/blogdorogeriogomes.com.br\/noticias\/wp-json\/wp\/v2\/comments?post=27625"}],"version-history":[{"count":1,"href":"https:\/\/blogdorogeriogomes.com.br\/noticias\/wp-json\/wp\/v2\/posts\/27625\/revisions"}],"predecessor-version":[{"id":27627,"href":"https:\/\/blogdorogeriogomes.com.br\/noticias\/wp-json\/wp\/v2\/posts\/27625\/revisions\/27627"}],"wp:featuredmedia":[{"embeddable":true,"href":"https:\/\/blogdorogeriogomes.com.br\/noticias\/wp-json\/wp\/v2\/media\/27626"}],"wp:attachment":[{"href":"https:\/\/blogdorogeriogomes.com.br\/noticias\/wp-json\/wp\/v2\/media?parent=27625"}],"wp:term":[{"taxonomy":"category","embeddable":true,"href":"https:\/\/blogdorogeriogomes.com.br\/noticias\/wp-json\/wp\/v2\/categories?post=27625"},{"taxonomy":"post_tag","embeddable":true,"href":"https:\/\/blogdorogeriogomes.com.br\/noticias\/wp-json\/wp\/v2\/tags?post=27625"}],"curies":[{"name":"wp","href":"https:\/\/api.w.org\/{rel}","templated":true}]}}