{"id":27644,"date":"2022-12-01T10:16:33","date_gmt":"2022-12-01T10:16:33","guid":{"rendered":"https:\/\/blogdorogeriogomes.com.br\/?p=27644"},"modified":"2022-12-01T11:35:46","modified_gmt":"2022-12-01T11:35:46","slug":"assembleia-legislativa-aprova-piso-salarial-para-categoria-de-advogados-no-ceara","status":"publish","type":"post","link":"https:\/\/blogdorogeriogomes.com.br\/noticias\/2022\/12\/assembleia-legislativa-aprova-piso-salarial-para-categoria-de-advogados-no-ceara\/","title":{"rendered":"Assembleia Legislativa aprova piso salarial para categoria de advogados no Cear\u00e1"},"content":{"rendered":"\n<p>Uma vit\u00f3ria da Ordem dos Advogados do Brasil &#8211; Sec\u00e7\u00e3o Cear\u00e1. A Assembleia Legislativa do Cear\u00e1 (AL) aprovou nesta quarta-feira, dia 30 de novembro, o projeto de lei que cria o piso salarial de advogados que atuem na iniciativa privada no estado. A medida tem validade depois de 120 dias ap\u00f3s san\u00e7\u00e3o da governadora Izolda Cela.<br>O deputado estadual Romeu Aldigueri (PDT) articulou aprova\u00e7\u00e3o do projeto de lei, que teve como relator o deputado estadual Julio C\u00e9sar Filho (PT).<br>O projeto tinha sido encaminhado ainda em 2019 pelo ent\u00e3o governador Camilo Santana e estabelece que, para quatro horas di\u00e1rias ou 20 horas semanais de trabalho do advogado, o valor de remunera\u00e7\u00e3o m\u00ednima correspondente ser\u00e1 de R$ 1.900 reais. J\u00e1 para expedientes de oito horas por dia ou 40 horas por semana, o m\u00ednimo a ser pago \u00e9 de R$ 3.100 reais.<\/p>\n\n\n\n<figure class=\"wp-block-image size-full\"><img loading=\"lazy\" decoding=\"async\" width=\"818\" height=\"459\" src=\"https:\/\/blogdorogeriogomes.com.br\/wp-content\/uploads\/2022\/12\/IMG-20221201-WA0000.jpg\" alt=\"\" class=\"wp-image-27645\" srcset=\"https:\/\/blogdorogeriogomes.com.br\/noticias\/wp-content\/uploads\/2022\/12\/IMG-20221201-WA0000.jpg 818w, https:\/\/blogdorogeriogomes.com.br\/noticias\/wp-content\/uploads\/2022\/12\/IMG-20221201-WA0000-300x168.jpg 300w, https:\/\/blogdorogeriogomes.com.br\/noticias\/wp-content\/uploads\/2022\/12\/IMG-20221201-WA0000-768x431.jpg 768w, https:\/\/blogdorogeriogomes.com.br\/noticias\/wp-content\/uploads\/2022\/12\/IMG-20221201-WA0000-800x449.jpg 800w\" sizes=\"auto, (max-width: 818px) 100vw, 818px\" \/><\/figure>\n","protected":false},"excerpt":{"rendered":"<p>Uma vit\u00f3ria da Ordem dos Advogados do Brasil &#8211; Sec\u00e7\u00e3o Cear\u00e1. A Assembleia Legislativa do Cear\u00e1 (AL) aprovou nesta quarta-feira, dia 30 de novembro, o projeto de lei que cria o piso salarial de advogados que atuem na iniciativa privada no estado. A medida tem validade depois de 120 dias ap\u00f3s san\u00e7\u00e3o da governadora Izolda Cela.O deputado estadual Romeu Aldigueri (PDT) articulou aprova\u00e7\u00e3o do projeto de lei, que teve como relator o deputado estadual Julio C\u00e9sar Filho (PT).O projeto&hellip;<\/p>\n","protected":false},"author":1,"featured_media":27645,"comment_status":"open","ping_status":"open","sticky":false,"template":"","format":"standard","meta":{"footnotes":""},"categories":[1],"tags":[],"class_list":["post-27644","post","type-post","status-publish","format-standard","has-post-thumbnail","hentry","category-noticias"],"_links":{"self":[{"href":"https:\/\/blogdorogeriogomes.com.br\/noticias\/wp-json\/wp\/v2\/posts\/27644","targetHints":{"allow":["GET"]}}],"collection":[{"href":"https:\/\/blogdorogeriogomes.com.br\/noticias\/wp-json\/wp\/v2\/posts"}],"about":[{"href":"https:\/\/blogdorogeriogomes.com.br\/noticias\/wp-json\/wp\/v2\/types\/post"}],"author":[{"embeddable":true,"href":"https:\/\/blogdorogeriogomes.com.br\/noticias\/wp-json\/wp\/v2\/users\/1"}],"replies":[{"embeddable":true,"href":"https:\/\/blogdorogeriogomes.com.br\/noticias\/wp-json\/wp\/v2\/comments?post=27644"}],"version-history":[{"count":1,"href":"https:\/\/blogdorogeriogomes.com.br\/noticias\/wp-json\/wp\/v2\/posts\/27644\/revisions"}],"predecessor-version":[{"id":27646,"href":"https:\/\/blogdorogeriogomes.com.br\/noticias\/wp-json\/wp\/v2\/posts\/27644\/revisions\/27646"}],"wp:featuredmedia":[{"embeddable":true,"href":"https:\/\/blogdorogeriogomes.com.br\/noticias\/wp-json\/wp\/v2\/media\/27645"}],"wp:attachment":[{"href":"https:\/\/blogdorogeriogomes.com.br\/noticias\/wp-json\/wp\/v2\/media?parent=27644"}],"wp:term":[{"taxonomy":"category","embeddable":true,"href":"https:\/\/blogdorogeriogomes.com.br\/noticias\/wp-json\/wp\/v2\/categories?post=27644"},{"taxonomy":"post_tag","embeddable":true,"href":"https:\/\/blogdorogeriogomes.com.br\/noticias\/wp-json\/wp\/v2\/tags?post=27644"}],"curies":[{"name":"wp","href":"https:\/\/api.w.org\/{rel}","templated":true}]}}