{"id":27647,"date":"2022-12-01T10:18:20","date_gmt":"2022-12-01T10:18:20","guid":{"rendered":"https:\/\/blogdorogeriogomes.com.br\/?p=27647"},"modified":"2022-12-01T11:35:32","modified_gmt":"2022-12-01T11:35:32","slug":"prefeito-jose-sarto-entrega-novas-bikes-para-o-bicicletar-e-uma-nova-estacao-para-publico-infantil","status":"publish","type":"post","link":"https:\/\/blogdorogeriogomes.com.br\/noticias\/2022\/12\/prefeito-jose-sarto-entrega-novas-bikes-para-o-bicicletar-e-uma-nova-estacao-para-publico-infantil\/","title":{"rendered":"Prefeito Jos\u00e9 Sarto entrega novas bikes para o Bicicletar e uma nova esta\u00e7\u00e3o para p\u00fablico infantil"},"content":{"rendered":"\n<p>A Prefeitura de Fortaleza, por meio do prefeito Jos\u00e9 Sarto (PDT), entregou nesta quarta-feira, dia 30 de novembro, 80 novas bicicletas para compor o sistema de bikes compartilhadas da Cidade \u2013 o Bicicletar. Mais 80 chegar\u00e3o at\u00e9 o fim de dezembro. Al\u00e9m disso, outros investimentos tamb\u00e9m foram anunciados, como a troca de 300 selins e a aquisi\u00e7\u00e3o de 100 dispositivos esticadores de correntes. O pacote faz parte do plano de expans\u00e3o do sistema, que conta tamb\u00e9m com a compra de 1 mil pneus da China com material mais resistente, previstos para chegar a Fortaleza no pr\u00f3ximo ano.<br>Ao todo, ser\u00e3o 160 bicicletas novas adicionadas ao sistema at\u00e9 dezembro. As bikes ter\u00e3o um dispositivo novo, desenvolvido para esticar as correntes automaticamente caso elas afrouxem.<\/p>\n\n\n\n<figure class=\"wp-block-image size-large\"><img loading=\"lazy\" decoding=\"async\" width=\"1024\" height=\"602\" src=\"https:\/\/blogdorogeriogomes.com.br\/wp-content\/uploads\/2022\/12\/IMG-20221201-WA0001-1024x602.jpg\" alt=\"\" class=\"wp-image-27648\" srcset=\"https:\/\/blogdorogeriogomes.com.br\/noticias\/wp-content\/uploads\/2022\/12\/IMG-20221201-WA0001-1024x602.jpg 1024w, https:\/\/blogdorogeriogomes.com.br\/noticias\/wp-content\/uploads\/2022\/12\/IMG-20221201-WA0001-300x176.jpg 300w, https:\/\/blogdorogeriogomes.com.br\/noticias\/wp-content\/uploads\/2022\/12\/IMG-20221201-WA0001-768x451.jpg 768w, https:\/\/blogdorogeriogomes.com.br\/noticias\/wp-content\/uploads\/2022\/12\/IMG-20221201-WA0001-800x470.jpg 800w, https:\/\/blogdorogeriogomes.com.br\/noticias\/wp-content\/uploads\/2022\/12\/IMG-20221201-WA0001.jpg 1280w\" sizes=\"auto, (max-width: 1024px) 100vw, 1024px\" \/><\/figure>\n","protected":false},"excerpt":{"rendered":"<p>A Prefeitura de Fortaleza, por meio do prefeito Jos\u00e9 Sarto (PDT), entregou nesta quarta-feira, dia 30 de novembro, 80 novas bicicletas para compor o sistema de bikes compartilhadas da Cidade \u2013 o Bicicletar. Mais 80 chegar\u00e3o at\u00e9 o fim de dezembro. Al\u00e9m disso, outros investimentos tamb\u00e9m foram anunciados, como a troca de 300 selins e a aquisi\u00e7\u00e3o de 100 dispositivos esticadores de correntes. O pacote faz parte do plano de expans\u00e3o do sistema, que conta tamb\u00e9m com a compra&hellip;<\/p>\n","protected":false},"author":1,"featured_media":27648,"comment_status":"open","ping_status":"open","sticky":false,"template":"","format":"standard","meta":{"footnotes":""},"categories":[1],"tags":[],"class_list":["post-27647","post","type-post","status-publish","format-standard","has-post-thumbnail","hentry","category-noticias"],"_links":{"self":[{"href":"https:\/\/blogdorogeriogomes.com.br\/noticias\/wp-json\/wp\/v2\/posts\/27647","targetHints":{"allow":["GET"]}}],"collection":[{"href":"https:\/\/blogdorogeriogomes.com.br\/noticias\/wp-json\/wp\/v2\/posts"}],"about":[{"href":"https:\/\/blogdorogeriogomes.com.br\/noticias\/wp-json\/wp\/v2\/types\/post"}],"author":[{"embeddable":true,"href":"https:\/\/blogdorogeriogomes.com.br\/noticias\/wp-json\/wp\/v2\/users\/1"}],"replies":[{"embeddable":true,"href":"https:\/\/blogdorogeriogomes.com.br\/noticias\/wp-json\/wp\/v2\/comments?post=27647"}],"version-history":[{"count":1,"href":"https:\/\/blogdorogeriogomes.com.br\/noticias\/wp-json\/wp\/v2\/posts\/27647\/revisions"}],"predecessor-version":[{"id":27649,"href":"https:\/\/blogdorogeriogomes.com.br\/noticias\/wp-json\/wp\/v2\/posts\/27647\/revisions\/27649"}],"wp:featuredmedia":[{"embeddable":true,"href":"https:\/\/blogdorogeriogomes.com.br\/noticias\/wp-json\/wp\/v2\/media\/27648"}],"wp:attachment":[{"href":"https:\/\/blogdorogeriogomes.com.br\/noticias\/wp-json\/wp\/v2\/media?parent=27647"}],"wp:term":[{"taxonomy":"category","embeddable":true,"href":"https:\/\/blogdorogeriogomes.com.br\/noticias\/wp-json\/wp\/v2\/categories?post=27647"},{"taxonomy":"post_tag","embeddable":true,"href":"https:\/\/blogdorogeriogomes.com.br\/noticias\/wp-json\/wp\/v2\/tags?post=27647"}],"curies":[{"name":"wp","href":"https:\/\/api.w.org\/{rel}","templated":true}]}}