{"id":27650,"date":"2022-12-01T19:02:53","date_gmt":"2022-12-01T19:02:53","guid":{"rendered":"https:\/\/blogdorogeriogomes.com.br\/?p=27650"},"modified":"2022-12-02T11:09:44","modified_gmt":"2022-12-02T11:09:44","slug":"vereador-gardel-rolim-e-eleito-novo-presidente-da-camara-municipal-de-fortaleza","status":"publish","type":"post","link":"https:\/\/blogdorogeriogomes.com.br\/noticias\/2022\/12\/vereador-gardel-rolim-e-eleito-novo-presidente-da-camara-municipal-de-fortaleza\/","title":{"rendered":"Vereador Gardel Rolim \u00e9 eleito novo presidente da C\u00e2mara Municipal de Fortaleza"},"content":{"rendered":"\n<p>Vereadores de Fortaleza elegeram nova Mesa Diretora para os pr\u00f3ximos dois anos. O vereador e l\u00edder do prefeito Jos\u00e9 Sarto na C\u00e2mara Municipal de Fortaleza, Gardel Rolim (PDT), foi eleito novo presidente da Casa. A elei\u00e7\u00e3o aconteceu nesta quinta-feira, dia 1\u00b0 de dezembro, em chapa \u00fanica.<br>O plen\u00e1rio da C\u00e2mara Municipal de Fortaleza ficou lotado para a vota\u00e7\u00e3o. Apenas uma chapa foi inscrita em acordo com o vereador Gardel Rolim, do PDT, que presidir\u00e1 o Legislativo municipal pelos pr\u00f3ximos dois anos.<br>Gardel Rolim foi eleito com 43 votos para substituir o atual presidente Ant\u00f4nio Henrique, do PDT, que foi eleito deputado estadual e assume mandato na Assembleia Legislativa do Cear\u00e1, em fevereiro do pr\u00f3ximo ano.<br>Al\u00e9m do presidente Gardel Rolim, a nova Mesa Diretora ser\u00e1 formada por&nbsp;<br>1\u00ba vice: Paulo Martins (PDT)<br>2\u00ba vice: Renan Colares (PDT)<br>3\u00ba vice: Cl\u00e1udia Gomes (PSDB)<br>1\u00ba secret\u00e1rio: Bruno Mesquita (Pros)<br>2\u00ba secret\u00e1rio: F\u00e1bio Rubens (PSB)<br>3\u00ba secret\u00e1rio: Katia Rodrigues (Cidadania)<br>O presidente eleito da C\u00e2mara Municipal de Fortaleza, Gardel Rolim, do PDT, s\u00f3 tomar\u00e1 posse no in\u00edcio de janeiro do pr\u00f3ximo ano. Ele promete refor\u00e7ar o di\u00e1logo com a oposi\u00e7\u00e3o na Casa.<\/p>\n\n\n\n<pre class=\"wp-block-verse\"><\/pre>\n\n\n\n<figure class=\"wp-block-image size-large\"><img loading=\"lazy\" decoding=\"async\" width=\"1024\" height=\"768\" src=\"https:\/\/blogdorogeriogomes.com.br\/wp-content\/uploads\/2022\/12\/IMG-20221201-WA0002-1024x768.jpg\" alt=\"\" class=\"wp-image-27651\" srcset=\"https:\/\/blogdorogeriogomes.com.br\/noticias\/wp-content\/uploads\/2022\/12\/IMG-20221201-WA0002-1024x768.jpg 1024w, https:\/\/blogdorogeriogomes.com.br\/noticias\/wp-content\/uploads\/2022\/12\/IMG-20221201-WA0002-300x225.jpg 300w, https:\/\/blogdorogeriogomes.com.br\/noticias\/wp-content\/uploads\/2022\/12\/IMG-20221201-WA0002-768x576.jpg 768w, https:\/\/blogdorogeriogomes.com.br\/noticias\/wp-content\/uploads\/2022\/12\/IMG-20221201-WA0002-1536x1152.jpg 1536w, https:\/\/blogdorogeriogomes.com.br\/noticias\/wp-content\/uploads\/2022\/12\/IMG-20221201-WA0002-800x600.jpg 800w, https:\/\/blogdorogeriogomes.com.br\/noticias\/wp-content\/uploads\/2022\/12\/IMG-20221201-WA0002-400x300.jpg 400w, https:\/\/blogdorogeriogomes.com.br\/noticias\/wp-content\/uploads\/2022\/12\/IMG-20221201-WA0002.jpg 1600w\" sizes=\"auto, (max-width: 1024px) 100vw, 1024px\" \/><\/figure>\n","protected":false},"excerpt":{"rendered":"<p>Vereadores de Fortaleza elegeram nova Mesa Diretora para os pr\u00f3ximos dois anos. O vereador e l\u00edder do prefeito Jos\u00e9 Sarto na C\u00e2mara Municipal de Fortaleza, Gardel Rolim (PDT), foi eleito novo presidente da Casa. A elei\u00e7\u00e3o aconteceu nesta quinta-feira, dia 1\u00b0 de dezembro, em chapa \u00fanica.O plen\u00e1rio da C\u00e2mara Municipal de Fortaleza ficou lotado para a vota\u00e7\u00e3o. Apenas uma chapa foi inscrita em acordo com o vereador Gardel Rolim, do PDT, que presidir\u00e1 o Legislativo municipal pelos pr\u00f3ximos dois&hellip;<\/p>\n","protected":false},"author":1,"featured_media":27651,"comment_status":"open","ping_status":"open","sticky":false,"template":"","format":"standard","meta":{"footnotes":""},"categories":[1],"tags":[],"class_list":["post-27650","post","type-post","status-publish","format-standard","has-post-thumbnail","hentry","category-noticias"],"_links":{"self":[{"href":"https:\/\/blogdorogeriogomes.com.br\/noticias\/wp-json\/wp\/v2\/posts\/27650","targetHints":{"allow":["GET"]}}],"collection":[{"href":"https:\/\/blogdorogeriogomes.com.br\/noticias\/wp-json\/wp\/v2\/posts"}],"about":[{"href":"https:\/\/blogdorogeriogomes.com.br\/noticias\/wp-json\/wp\/v2\/types\/post"}],"author":[{"embeddable":true,"href":"https:\/\/blogdorogeriogomes.com.br\/noticias\/wp-json\/wp\/v2\/users\/1"}],"replies":[{"embeddable":true,"href":"https:\/\/blogdorogeriogomes.com.br\/noticias\/wp-json\/wp\/v2\/comments?post=27650"}],"version-history":[{"count":1,"href":"https:\/\/blogdorogeriogomes.com.br\/noticias\/wp-json\/wp\/v2\/posts\/27650\/revisions"}],"predecessor-version":[{"id":27652,"href":"https:\/\/blogdorogeriogomes.com.br\/noticias\/wp-json\/wp\/v2\/posts\/27650\/revisions\/27652"}],"wp:featuredmedia":[{"embeddable":true,"href":"https:\/\/blogdorogeriogomes.com.br\/noticias\/wp-json\/wp\/v2\/media\/27651"}],"wp:attachment":[{"href":"https:\/\/blogdorogeriogomes.com.br\/noticias\/wp-json\/wp\/v2\/media?parent=27650"}],"wp:term":[{"taxonomy":"category","embeddable":true,"href":"https:\/\/blogdorogeriogomes.com.br\/noticias\/wp-json\/wp\/v2\/categories?post=27650"},{"taxonomy":"post_tag","embeddable":true,"href":"https:\/\/blogdorogeriogomes.com.br\/noticias\/wp-json\/wp\/v2\/tags?post=27650"}],"curies":[{"name":"wp","href":"https:\/\/api.w.org\/{rel}","templated":true}]}}