{"id":27654,"date":"2022-12-02T12:30:18","date_gmt":"2022-12-02T12:30:18","guid":{"rendered":"https:\/\/blogdorogeriogomes.com.br\/?p=27654"},"modified":"2022-12-05T16:21:10","modified_gmt":"2022-12-05T16:21:10","slug":"prefeitura-de-fortaleza-inicia-matricula-de-alunos-novatos-na-proxima-segunda-feira","status":"publish","type":"post","link":"https:\/\/blogdorogeriogomes.com.br\/noticias\/2022\/12\/prefeitura-de-fortaleza-inicia-matricula-de-alunos-novatos-na-proxima-segunda-feira\/","title":{"rendered":"Prefeitura de Fortaleza inicia matr\u00edcula de alunos novatos na pr\u00f3xima segunda-feira"},"content":{"rendered":"\n<p>E o planejamento de matr\u00edculas para 2023 come\u00e7ou na rede municipal de ensino. A Prefeitura de Fortaleza inicia nesta segunda-feira, dia 5 de dezembro, as matr\u00edculas dos alunos novatos para o pr\u00f3ximo ano letivo. O processo vai ser realizado por meio eletr\u00f4nico, mas caso os pais e respons\u00e1veis tenham dificuldades de acesso \u00e0 internet, poder\u00e3o ter a op\u00e7\u00e3o da matr\u00edcula presencial em todas as unidades escolares.<br>No per\u00edodo de 5 a 16 de dezembro, os&nbsp;pais ou respons\u00e1veis poder\u00e3o cadastrar o aluno, com a utiliza\u00e7\u00e3o do Sistema de Pr\u00e9-matricula Virtual, escolhendo at\u00e9 tr\u00eas op\u00e7\u00f5es de escolas pr\u00f3ximas da resid\u00eancia.&nbsp;<br>Para os alunos veteranos, a Rede Municipal j\u00e1 realizou a confirma\u00e7\u00e3o das matr\u00edculas dos estudantes que nela permanecer\u00e3o em 2023.<\/p>\n\n\n\n<figure class=\"wp-block-image size-large\"><img loading=\"lazy\" decoding=\"async\" width=\"1024\" height=\"576\" src=\"https:\/\/blogdorogeriogomes.com.br\/wp-content\/uploads\/2022\/12\/IMG-20221202-WA0000-1024x576.jpg\" alt=\"\" class=\"wp-image-27655\" srcset=\"https:\/\/blogdorogeriogomes.com.br\/noticias\/wp-content\/uploads\/2022\/12\/IMG-20221202-WA0000-1024x576.jpg 1024w, https:\/\/blogdorogeriogomes.com.br\/noticias\/wp-content\/uploads\/2022\/12\/IMG-20221202-WA0000-300x169.jpg 300w, https:\/\/blogdorogeriogomes.com.br\/noticias\/wp-content\/uploads\/2022\/12\/IMG-20221202-WA0000-768x432.jpg 768w, https:\/\/blogdorogeriogomes.com.br\/noticias\/wp-content\/uploads\/2022\/12\/IMG-20221202-WA0000-800x450.jpg 800w, https:\/\/blogdorogeriogomes.com.br\/noticias\/wp-content\/uploads\/2022\/12\/IMG-20221202-WA0000.jpg 1080w\" sizes=\"auto, (max-width: 1024px) 100vw, 1024px\" \/><\/figure>\n","protected":false},"excerpt":{"rendered":"<p>E o planejamento de matr\u00edculas para 2023 come\u00e7ou na rede municipal de ensino. A Prefeitura de Fortaleza inicia nesta segunda-feira, dia 5 de dezembro, as matr\u00edculas dos alunos novatos para o pr\u00f3ximo ano letivo. O processo vai ser realizado por meio eletr\u00f4nico, mas caso os pais e respons\u00e1veis tenham dificuldades de acesso \u00e0 internet, poder\u00e3o ter a op\u00e7\u00e3o da matr\u00edcula presencial em todas as unidades escolares.No per\u00edodo de 5 a 16 de dezembro, os&nbsp;pais ou respons\u00e1veis poder\u00e3o cadastrar o&hellip;<\/p>\n","protected":false},"author":1,"featured_media":27655,"comment_status":"open","ping_status":"open","sticky":false,"template":"","format":"standard","meta":{"footnotes":""},"categories":[1],"tags":[],"class_list":["post-27654","post","type-post","status-publish","format-standard","has-post-thumbnail","hentry","category-noticias"],"_links":{"self":[{"href":"https:\/\/blogdorogeriogomes.com.br\/noticias\/wp-json\/wp\/v2\/posts\/27654","targetHints":{"allow":["GET"]}}],"collection":[{"href":"https:\/\/blogdorogeriogomes.com.br\/noticias\/wp-json\/wp\/v2\/posts"}],"about":[{"href":"https:\/\/blogdorogeriogomes.com.br\/noticias\/wp-json\/wp\/v2\/types\/post"}],"author":[{"embeddable":true,"href":"https:\/\/blogdorogeriogomes.com.br\/noticias\/wp-json\/wp\/v2\/users\/1"}],"replies":[{"embeddable":true,"href":"https:\/\/blogdorogeriogomes.com.br\/noticias\/wp-json\/wp\/v2\/comments?post=27654"}],"version-history":[{"count":1,"href":"https:\/\/blogdorogeriogomes.com.br\/noticias\/wp-json\/wp\/v2\/posts\/27654\/revisions"}],"predecessor-version":[{"id":27656,"href":"https:\/\/blogdorogeriogomes.com.br\/noticias\/wp-json\/wp\/v2\/posts\/27654\/revisions\/27656"}],"wp:featuredmedia":[{"embeddable":true,"href":"https:\/\/blogdorogeriogomes.com.br\/noticias\/wp-json\/wp\/v2\/media\/27655"}],"wp:attachment":[{"href":"https:\/\/blogdorogeriogomes.com.br\/noticias\/wp-json\/wp\/v2\/media?parent=27654"}],"wp:term":[{"taxonomy":"category","embeddable":true,"href":"https:\/\/blogdorogeriogomes.com.br\/noticias\/wp-json\/wp\/v2\/categories?post=27654"},{"taxonomy":"post_tag","embeddable":true,"href":"https:\/\/blogdorogeriogomes.com.br\/noticias\/wp-json\/wp\/v2\/tags?post=27654"}],"curies":[{"name":"wp","href":"https:\/\/api.w.org\/{rel}","templated":true}]}}