{"id":27657,"date":"2022-12-02T12:33:11","date_gmt":"2022-12-02T12:33:11","guid":{"rendered":"https:\/\/blogdorogeriogomes.com.br\/?p=27657"},"modified":"2022-12-05T16:20:58","modified_gmt":"2022-12-05T16:20:58","slug":"camilo-santana-se-reune-com-lula-em-brasilia-definicao-sobre-nomes-para-os-ministerios-so-daqui-a-duas-semanas","status":"publish","type":"post","link":"https:\/\/blogdorogeriogomes.com.br\/noticias\/2022\/12\/camilo-santana-se-reune-com-lula-em-brasilia-definicao-sobre-nomes-para-os-ministerios-so-daqui-a-duas-semanas\/","title":{"rendered":"Camilo Santana se re\u00fane com Lula em Bras\u00edlia. Defini\u00e7\u00e3o sobre nomes para os Minist\u00e9rios s\u00f3 daqui a duas semanas"},"content":{"rendered":"\n<p>O senador eleito pelo Cear\u00e1, Camilo Santana (PT), segue ajudando na equipe de Desenvolvimento Regional na transi\u00e7\u00e3o do Governo Lula, em Bras\u00edlia. Nesta quinta-feira, dia 1\u00b0 de dezembro, Camilo se reuniu com o presidente eleito. A grande expectativa gira em torno da defini\u00e7\u00e3o dos nomes para os Minist\u00e9rios. Camilo Santana e a governadora Izolda Cela est\u00e3o entre os cotados.<br>Mas Lula est\u00e1 resistindo a press\u00f5es para nomear logo os seus ministros. Ele pretende esperar ainda duas semanas para anunciar os nomes.<br>De acordo com assessores, Lula est\u00e1 decidido a nomear sua equipe de governo s\u00f3 depois de ser diplomado pelo Tribunal Superior Eleitoral (TSE), o que est\u00e1 marcado para acontecer em 12 de dezembro, daqui a quase duas semanas.<br>O petista calcula que atender aos apelos para nomear logo ministros como os da Fazenda e da Defesa seria mostrar que ele est\u00e1 se sentindo emparedado.<br>Partidos como Uni\u00e3o Brasil, MDB e PSD, por exemplo, est\u00e3o articulando com Lula e seus aliados para ocupar pastas de destaque na Esplanada a partir de 2023.<\/p>\n\n\n\n<figure class=\"wp-block-image size-large\"><img loading=\"lazy\" decoding=\"async\" width=\"987\" height=\"1024\" src=\"https:\/\/blogdorogeriogomes.com.br\/wp-content\/uploads\/2022\/12\/IMG-20221202-WA0002-987x1024.jpg\" alt=\"\" class=\"wp-image-27658\" srcset=\"https:\/\/blogdorogeriogomes.com.br\/noticias\/wp-content\/uploads\/2022\/12\/IMG-20221202-WA0002-987x1024.jpg 987w, https:\/\/blogdorogeriogomes.com.br\/noticias\/wp-content\/uploads\/2022\/12\/IMG-20221202-WA0002-289x300.jpg 289w, https:\/\/blogdorogeriogomes.com.br\/noticias\/wp-content\/uploads\/2022\/12\/IMG-20221202-WA0002-768x797.jpg 768w, https:\/\/blogdorogeriogomes.com.br\/noticias\/wp-content\/uploads\/2022\/12\/IMG-20221202-WA0002-800x830.jpg 800w, https:\/\/blogdorogeriogomes.com.br\/noticias\/wp-content\/uploads\/2022\/12\/IMG-20221202-WA0002-50x52.jpg 50w, https:\/\/blogdorogeriogomes.com.br\/noticias\/wp-content\/uploads\/2022\/12\/IMG-20221202-WA0002.jpg 1080w\" sizes=\"auto, (max-width: 987px) 100vw, 987px\" \/><\/figure>\n","protected":false},"excerpt":{"rendered":"<p>O senador eleito pelo Cear\u00e1, Camilo Santana (PT), segue ajudando na equipe de Desenvolvimento Regional na transi\u00e7\u00e3o do Governo Lula, em Bras\u00edlia. Nesta quinta-feira, dia 1\u00b0 de dezembro, Camilo se reuniu com o presidente eleito. A grande expectativa gira em torno da defini\u00e7\u00e3o dos nomes para os Minist\u00e9rios. Camilo Santana e a governadora Izolda Cela est\u00e3o entre os cotados.Mas Lula est\u00e1 resistindo a press\u00f5es para nomear logo os seus ministros. Ele pretende esperar ainda duas semanas para anunciar os&hellip;<\/p>\n","protected":false},"author":1,"featured_media":27658,"comment_status":"open","ping_status":"open","sticky":false,"template":"","format":"standard","meta":{"footnotes":""},"categories":[1],"tags":[],"class_list":["post-27657","post","type-post","status-publish","format-standard","has-post-thumbnail","hentry","category-noticias"],"_links":{"self":[{"href":"https:\/\/blogdorogeriogomes.com.br\/noticias\/wp-json\/wp\/v2\/posts\/27657","targetHints":{"allow":["GET"]}}],"collection":[{"href":"https:\/\/blogdorogeriogomes.com.br\/noticias\/wp-json\/wp\/v2\/posts"}],"about":[{"href":"https:\/\/blogdorogeriogomes.com.br\/noticias\/wp-json\/wp\/v2\/types\/post"}],"author":[{"embeddable":true,"href":"https:\/\/blogdorogeriogomes.com.br\/noticias\/wp-json\/wp\/v2\/users\/1"}],"replies":[{"embeddable":true,"href":"https:\/\/blogdorogeriogomes.com.br\/noticias\/wp-json\/wp\/v2\/comments?post=27657"}],"version-history":[{"count":1,"href":"https:\/\/blogdorogeriogomes.com.br\/noticias\/wp-json\/wp\/v2\/posts\/27657\/revisions"}],"predecessor-version":[{"id":27659,"href":"https:\/\/blogdorogeriogomes.com.br\/noticias\/wp-json\/wp\/v2\/posts\/27657\/revisions\/27659"}],"wp:featuredmedia":[{"embeddable":true,"href":"https:\/\/blogdorogeriogomes.com.br\/noticias\/wp-json\/wp\/v2\/media\/27658"}],"wp:attachment":[{"href":"https:\/\/blogdorogeriogomes.com.br\/noticias\/wp-json\/wp\/v2\/media?parent=27657"}],"wp:term":[{"taxonomy":"category","embeddable":true,"href":"https:\/\/blogdorogeriogomes.com.br\/noticias\/wp-json\/wp\/v2\/categories?post=27657"},{"taxonomy":"post_tag","embeddable":true,"href":"https:\/\/blogdorogeriogomes.com.br\/noticias\/wp-json\/wp\/v2\/tags?post=27657"}],"curies":[{"name":"wp","href":"https:\/\/api.w.org\/{rel}","templated":true}]}}