{"id":27660,"date":"2022-12-03T11:58:46","date_gmt":"2022-12-03T11:58:46","guid":{"rendered":"https:\/\/blogdorogeriogomes.com.br\/?p=27660"},"modified":"2022-12-05T16:20:48","modified_gmt":"2022-12-05T16:20:48","slug":"iguatu-e-pacuja-terao-novas-eleicoes-municipais-em-5-de-fevereiro-de-2023","status":"publish","type":"post","link":"https:\/\/blogdorogeriogomes.com.br\/noticias\/2022\/12\/iguatu-e-pacuja-terao-novas-eleicoes-municipais-em-5-de-fevereiro-de-2023\/","title":{"rendered":"Iguatu e Pacuj\u00e1 ter\u00e3o novas elei\u00e7\u00f5es municipais em 5 de fevereiro de 2023"},"content":{"rendered":"\n<p>O Tribunal Regional Eleitoral (TRE-CE,) determinou que as cidades cearenses de Iguatu e Pacuj\u00e1 ter\u00e3o novas elei\u00e7\u00f5es municipais em 5 de fevereiro de 2023.<br>Em Iguatu, na regi\u00e3o Centro-Sul, a elei\u00e7\u00e3o suplementar vai acontecer ap\u00f3s a cassa\u00e7\u00e3o dos diplomas do prefeito e do vice-prefeito de Iguatu, Ednaldo de Lavor Couras (PSB) e Franklin Bezerra da Costa (PSDB), por abuso de poder pol\u00edtico.<br>Em Pacuj\u00e1, as elei\u00e7\u00f5es s\u00e3o necess\u00e1rias por causa da cassa\u00e7\u00e3o do mandato de Raimundo Rodrigues de Sousa Filho, prefeito, e do vice-prefeito, Jos\u00e9 Silva de Abreu. A a\u00e7\u00e3o ocorreu ap\u00f3s uma investiga\u00e7\u00e3o que identificou abuso de poder econ\u00f4mico e compra de votos por parte da gest\u00e3o municipal.<\/p>\n\n\n\n<figure class=\"wp-block-image size-full\"><img loading=\"lazy\" decoding=\"async\" width=\"693\" height=\"442\" src=\"https:\/\/blogdorogeriogomes.com.br\/wp-content\/uploads\/2022\/12\/IMG-20221203-WA0000.jpg\" alt=\"\" class=\"wp-image-27661\" srcset=\"https:\/\/blogdorogeriogomes.com.br\/noticias\/wp-content\/uploads\/2022\/12\/IMG-20221203-WA0000.jpg 693w, https:\/\/blogdorogeriogomes.com.br\/noticias\/wp-content\/uploads\/2022\/12\/IMG-20221203-WA0000-300x191.jpg 300w\" sizes=\"auto, (max-width: 693px) 100vw, 693px\" \/><\/figure>\n\n\n","protected":false},"excerpt":{"rendered":"<p>O Tribunal Regional Eleitoral (TRE-CE,) determinou que as cidades cearenses de Iguatu e Pacuj\u00e1 ter\u00e3o novas elei\u00e7\u00f5es municipais em 5 de fevereiro de 2023.Em Iguatu, na regi\u00e3o Centro-Sul, a elei\u00e7\u00e3o suplementar vai acontecer ap\u00f3s a cassa\u00e7\u00e3o dos diplomas do prefeito e do vice-prefeito de Iguatu, Ednaldo de Lavor Couras (PSB) e Franklin Bezerra da Costa (PSDB), por abuso de poder pol\u00edtico.Em Pacuj\u00e1, as elei\u00e7\u00f5es s\u00e3o necess\u00e1rias por causa da cassa\u00e7\u00e3o do mandato de Raimundo Rodrigues de Sousa Filho, prefeito,&hellip;<\/p>\n","protected":false},"author":1,"featured_media":27661,"comment_status":"open","ping_status":"open","sticky":false,"template":"","format":"standard","meta":{"footnotes":""},"categories":[1],"tags":[],"class_list":["post-27660","post","type-post","status-publish","format-standard","has-post-thumbnail","hentry","category-noticias"],"_links":{"self":[{"href":"https:\/\/blogdorogeriogomes.com.br\/noticias\/wp-json\/wp\/v2\/posts\/27660","targetHints":{"allow":["GET"]}}],"collection":[{"href":"https:\/\/blogdorogeriogomes.com.br\/noticias\/wp-json\/wp\/v2\/posts"}],"about":[{"href":"https:\/\/blogdorogeriogomes.com.br\/noticias\/wp-json\/wp\/v2\/types\/post"}],"author":[{"embeddable":true,"href":"https:\/\/blogdorogeriogomes.com.br\/noticias\/wp-json\/wp\/v2\/users\/1"}],"replies":[{"embeddable":true,"href":"https:\/\/blogdorogeriogomes.com.br\/noticias\/wp-json\/wp\/v2\/comments?post=27660"}],"version-history":[{"count":1,"href":"https:\/\/blogdorogeriogomes.com.br\/noticias\/wp-json\/wp\/v2\/posts\/27660\/revisions"}],"predecessor-version":[{"id":27662,"href":"https:\/\/blogdorogeriogomes.com.br\/noticias\/wp-json\/wp\/v2\/posts\/27660\/revisions\/27662"}],"wp:featuredmedia":[{"embeddable":true,"href":"https:\/\/blogdorogeriogomes.com.br\/noticias\/wp-json\/wp\/v2\/media\/27661"}],"wp:attachment":[{"href":"https:\/\/blogdorogeriogomes.com.br\/noticias\/wp-json\/wp\/v2\/media?parent=27660"}],"wp:term":[{"taxonomy":"category","embeddable":true,"href":"https:\/\/blogdorogeriogomes.com.br\/noticias\/wp-json\/wp\/v2\/categories?post=27660"},{"taxonomy":"post_tag","embeddable":true,"href":"https:\/\/blogdorogeriogomes.com.br\/noticias\/wp-json\/wp\/v2\/tags?post=27660"}],"curies":[{"name":"wp","href":"https:\/\/api.w.org\/{rel}","templated":true}]}}