{"id":27666,"date":"2022-12-06T08:53:31","date_gmt":"2022-12-06T08:53:31","guid":{"rendered":"https:\/\/blogdorogeriogomes.com.br\/?p=27666"},"modified":"2022-12-06T21:14:04","modified_gmt":"2022-12-06T21:14:04","slug":"pec-da-transicao-comeca-a-ser-votada-no-senado-nesta-terca-feira","status":"publish","type":"post","link":"https:\/\/blogdorogeriogomes.com.br\/noticias\/2022\/12\/pec-da-transicao-comeca-a-ser-votada-no-senado-nesta-terca-feira\/","title":{"rendered":"PEC da Transi\u00e7\u00e3o come\u00e7a a ser votada no Senado nesta ter\u00e7a-feira"},"content":{"rendered":"\n<p>A PEC da Transi\u00e7\u00e3o, que prev\u00ea retirar o Bolsa Fam\u00edlia das restri\u00e7\u00f5es do teto de gastos pelos pr\u00f3ximos quatro anos, come\u00e7a a ser votada na Comiss\u00e3o de Constitui\u00e7\u00e3o e Justi\u00e7a do Senado, nesta ter\u00e7a-feira, dia 6 de dezembro.<br>O presidente do Senado, Rodrigo Pacheco (PSD), incluiu a PEC na pauta de vota\u00e7\u00f5es em plen\u00e1rio nesta quarta-feira, dia 7. O texto ainda precisar\u00e1 do aval da C\u00e2mara para ser promulgado pelo Congresso Nacional.<br>Aliados do presidente eleito, Luiz In\u00e1cio Lula da Silva (PT), costuram o acordo para que a PEC seja promulgada at\u00e9 o pr\u00f3ximo dia 16. Esse prazo \u00e9 necess\u00e1rio para que as novas regras sejam incorporadas ao Or\u00e7amento de 2023 e, com isso, o Bolsa Fam\u00edlia no novo formato possa ser pago a partir de 1\u00ba de janeiro.<\/p>\n\n\n\n<figure class=\"wp-block-image size-full\"><img loading=\"lazy\" decoding=\"async\" width=\"680\" height=\"451\" src=\"https:\/\/blogdorogeriogomes.com.br\/wp-content\/uploads\/2022\/12\/IMG-20221206-WA0004.jpg\" alt=\"\" class=\"wp-image-27667\" srcset=\"https:\/\/blogdorogeriogomes.com.br\/noticias\/wp-content\/uploads\/2022\/12\/IMG-20221206-WA0004.jpg 680w, https:\/\/blogdorogeriogomes.com.br\/noticias\/wp-content\/uploads\/2022\/12\/IMG-20221206-WA0004-300x199.jpg 300w\" sizes=\"auto, (max-width: 680px) 100vw, 680px\" \/><\/figure>\n","protected":false},"excerpt":{"rendered":"<p>A PEC da Transi\u00e7\u00e3o, que prev\u00ea retirar o Bolsa Fam\u00edlia das restri\u00e7\u00f5es do teto de gastos pelos pr\u00f3ximos quatro anos, come\u00e7a a ser votada na Comiss\u00e3o de Constitui\u00e7\u00e3o e Justi\u00e7a do Senado, nesta ter\u00e7a-feira, dia 6 de dezembro.O presidente do Senado, Rodrigo Pacheco (PSD), incluiu a PEC na pauta de vota\u00e7\u00f5es em plen\u00e1rio nesta quarta-feira, dia 7. O texto ainda precisar\u00e1 do aval da C\u00e2mara para ser promulgado pelo Congresso Nacional.Aliados do presidente eleito, Luiz In\u00e1cio Lula da Silva&hellip;<\/p>\n","protected":false},"author":1,"featured_media":27667,"comment_status":"open","ping_status":"open","sticky":false,"template":"","format":"standard","meta":{"footnotes":""},"categories":[1],"tags":[],"class_list":["post-27666","post","type-post","status-publish","format-standard","has-post-thumbnail","hentry","category-noticias"],"_links":{"self":[{"href":"https:\/\/blogdorogeriogomes.com.br\/noticias\/wp-json\/wp\/v2\/posts\/27666","targetHints":{"allow":["GET"]}}],"collection":[{"href":"https:\/\/blogdorogeriogomes.com.br\/noticias\/wp-json\/wp\/v2\/posts"}],"about":[{"href":"https:\/\/blogdorogeriogomes.com.br\/noticias\/wp-json\/wp\/v2\/types\/post"}],"author":[{"embeddable":true,"href":"https:\/\/blogdorogeriogomes.com.br\/noticias\/wp-json\/wp\/v2\/users\/1"}],"replies":[{"embeddable":true,"href":"https:\/\/blogdorogeriogomes.com.br\/noticias\/wp-json\/wp\/v2\/comments?post=27666"}],"version-history":[{"count":1,"href":"https:\/\/blogdorogeriogomes.com.br\/noticias\/wp-json\/wp\/v2\/posts\/27666\/revisions"}],"predecessor-version":[{"id":27668,"href":"https:\/\/blogdorogeriogomes.com.br\/noticias\/wp-json\/wp\/v2\/posts\/27666\/revisions\/27668"}],"wp:featuredmedia":[{"embeddable":true,"href":"https:\/\/blogdorogeriogomes.com.br\/noticias\/wp-json\/wp\/v2\/media\/27667"}],"wp:attachment":[{"href":"https:\/\/blogdorogeriogomes.com.br\/noticias\/wp-json\/wp\/v2\/media?parent=27666"}],"wp:term":[{"taxonomy":"category","embeddable":true,"href":"https:\/\/blogdorogeriogomes.com.br\/noticias\/wp-json\/wp\/v2\/categories?post=27666"},{"taxonomy":"post_tag","embeddable":true,"href":"https:\/\/blogdorogeriogomes.com.br\/noticias\/wp-json\/wp\/v2\/tags?post=27666"}],"curies":[{"name":"wp","href":"https:\/\/api.w.org\/{rel}","templated":true}]}}