{"id":27672,"date":"2022-12-06T09:02:05","date_gmt":"2022-12-06T09:02:05","guid":{"rendered":"https:\/\/blogdorogeriogomes.com.br\/?p=27672"},"modified":"2022-12-06T21:13:38","modified_gmt":"2022-12-06T21:13:38","slug":"governadora-izolda-cela-assina-decreto-para-construcao-de-novo-aeroporto-no-vale-do-jaguaribe","status":"publish","type":"post","link":"https:\/\/blogdorogeriogomes.com.br\/noticias\/2022\/12\/governadora-izolda-cela-assina-decreto-para-construcao-de-novo-aeroporto-no-vale-do-jaguaribe\/","title":{"rendered":"Governadora Izolda Cela assina decreto para constru\u00e7\u00e3o de novo aeroporto no Vale do Jaguaribe"},"content":{"rendered":"\n<p>A governadora do Cear\u00e1, Izolda Cela assinou nesta segunda-feira, dia 5 de dezembro, o decreto que desapropria a \u00e1rea onde vai ser constru\u00eddo o novo aeroporto Regional do Vale do Jaguaribe, na cidade de Morada Nova, no Cear\u00e1. O equipamento vai contribuir para o transporte de pessoas e de cargas na regi\u00e3o, apoiando o desenvolvimento log\u00edstico no Cear\u00e1.<\/p>\n\n\n\n<p>O aer\u00f3dromo ser\u00e1 constru\u00eddo em uma \u00e1rea de aproximadamente 230 hectares e ficar\u00e1 localizado na CE-265, Km 64, no Distrito Pedras, em Morada Nova.<\/p>\n\n\n\n<p>O projeto inicial de constru\u00e7\u00e3o do novo Aeroporto do Vale do Jaguaribe, que j\u00e1 tem a autoriza\u00e7\u00e3o pr\u00e9via da Ag\u00eancia Nacional de Avia\u00e7\u00e3o Civil (Anac), prev\u00ea uma pista de pouso e decolagem de 1.800 metros, pista de taxiway, p\u00e1tio de aeronaves e terminal de passageiros com cerca de 600 metros de \u00e1rea constru\u00edda.<\/p>\n\n\n\n<figure class=\"wp-block-image size-full\"><img loading=\"lazy\" decoding=\"async\" width=\"984\" height=\"656\" src=\"https:\/\/blogdorogeriogomes.com.br\/wp-content\/uploads\/2022\/12\/IMG-20221206-WA0002.jpg\" alt=\"\" class=\"wp-image-27673\" srcset=\"https:\/\/blogdorogeriogomes.com.br\/noticias\/wp-content\/uploads\/2022\/12\/IMG-20221206-WA0002.jpg 984w, https:\/\/blogdorogeriogomes.com.br\/noticias\/wp-content\/uploads\/2022\/12\/IMG-20221206-WA0002-300x200.jpg 300w, https:\/\/blogdorogeriogomes.com.br\/noticias\/wp-content\/uploads\/2022\/12\/IMG-20221206-WA0002-768x512.jpg 768w, https:\/\/blogdorogeriogomes.com.br\/noticias\/wp-content\/uploads\/2022\/12\/IMG-20221206-WA0002-800x533.jpg 800w\" sizes=\"auto, (max-width: 984px) 100vw, 984px\" \/><\/figure>\n","protected":false},"excerpt":{"rendered":"<p>A governadora do Cear\u00e1, Izolda Cela assinou nesta segunda-feira, dia 5 de dezembro, o decreto que desapropria a \u00e1rea onde vai ser constru\u00eddo o novo aeroporto Regional do Vale do Jaguaribe, na cidade de Morada Nova, no Cear\u00e1. O equipamento vai contribuir para o transporte de pessoas e de cargas na regi\u00e3o, apoiando o desenvolvimento log\u00edstico no Cear\u00e1. O aer\u00f3dromo ser\u00e1 constru\u00eddo em uma \u00e1rea de aproximadamente 230 hectares e ficar\u00e1 localizado na CE-265, Km 64, no Distrito Pedras,&hellip;<\/p>\n","protected":false},"author":1,"featured_media":27673,"comment_status":"open","ping_status":"open","sticky":false,"template":"","format":"standard","meta":{"footnotes":""},"categories":[1],"tags":[],"class_list":["post-27672","post","type-post","status-publish","format-standard","has-post-thumbnail","hentry","category-noticias"],"_links":{"self":[{"href":"https:\/\/blogdorogeriogomes.com.br\/noticias\/wp-json\/wp\/v2\/posts\/27672","targetHints":{"allow":["GET"]}}],"collection":[{"href":"https:\/\/blogdorogeriogomes.com.br\/noticias\/wp-json\/wp\/v2\/posts"}],"about":[{"href":"https:\/\/blogdorogeriogomes.com.br\/noticias\/wp-json\/wp\/v2\/types\/post"}],"author":[{"embeddable":true,"href":"https:\/\/blogdorogeriogomes.com.br\/noticias\/wp-json\/wp\/v2\/users\/1"}],"replies":[{"embeddable":true,"href":"https:\/\/blogdorogeriogomes.com.br\/noticias\/wp-json\/wp\/v2\/comments?post=27672"}],"version-history":[{"count":1,"href":"https:\/\/blogdorogeriogomes.com.br\/noticias\/wp-json\/wp\/v2\/posts\/27672\/revisions"}],"predecessor-version":[{"id":27674,"href":"https:\/\/blogdorogeriogomes.com.br\/noticias\/wp-json\/wp\/v2\/posts\/27672\/revisions\/27674"}],"wp:featuredmedia":[{"embeddable":true,"href":"https:\/\/blogdorogeriogomes.com.br\/noticias\/wp-json\/wp\/v2\/media\/27673"}],"wp:attachment":[{"href":"https:\/\/blogdorogeriogomes.com.br\/noticias\/wp-json\/wp\/v2\/media?parent=27672"}],"wp:term":[{"taxonomy":"category","embeddable":true,"href":"https:\/\/blogdorogeriogomes.com.br\/noticias\/wp-json\/wp\/v2\/categories?post=27672"},{"taxonomy":"post_tag","embeddable":true,"href":"https:\/\/blogdorogeriogomes.com.br\/noticias\/wp-json\/wp\/v2\/tags?post=27672"}],"curies":[{"name":"wp","href":"https:\/\/api.w.org\/{rel}","templated":true}]}}