{"id":27675,"date":"2022-12-07T01:05:26","date_gmt":"2022-12-07T01:05:26","guid":{"rendered":"https:\/\/blogdorogeriogomes.com.br\/?p=27675"},"modified":"2022-12-07T11:41:55","modified_gmt":"2022-12-07T11:41:55","slug":"andre-figueiredo-e-reconduzido-a-lideranca-nacional-do-pdt-na-camara-dos-deputados","status":"publish","type":"post","link":"https:\/\/blogdorogeriogomes.com.br\/noticias\/2022\/12\/andre-figueiredo-e-reconduzido-a-lideranca-nacional-do-pdt-na-camara-dos-deputados\/","title":{"rendered":"Andr\u00e9 Figueiredo \u00e9 reconduzido \u00e0 lideran\u00e7a nacional do PDT na C\u00e2mara dos Deputados"},"content":{"rendered":"\n<p>O deputado federal cearense Andr\u00e9 Figueiredo foi reconduzido \u00e0 lideran\u00e7a da bancada do PDT na C\u00e2mara dos Deputados, em Bras\u00edlia. A defini\u00e7\u00e3o aconteceu nesta ter\u00e7a-feira, dia 6 de dezembro, em reuni\u00e3o da Executiva Nacional do partido na Capital federal.<br>A reuni\u00e3o teve a presen\u00e7a do presidente nacional do PDT, Carlos Lupi, e do ex-prefeito de Fortaleza, Roberto Cl\u00e1udio, que concorreu ao Governo do Cear\u00e1 pelo partido. Andr\u00e9 Figueiredo ser\u00e1 um dos respons\u00e1veis pelas negocia\u00e7\u00f5es de reaproxima\u00e7\u00e3o do PDT com o PT do governador eleito Elmano de Freitas.<br>L\u00edder do PDT pela s\u00e9tima vez na C\u00e2mara Federal, Andr\u00e9 Figueiredo recebe a miss\u00e3o e a responsabilidade de conduzir a bancada em 2023 nos debates, negocia\u00e7\u00f5es, articula\u00e7\u00f5es e elabora\u00e7\u00f5es de pautas e propostas.<br>Andr\u00e9 Figueiredo foi reeleito deputado federal em 2022 para seu 5\u00ba mandato com 111.886 votos cearenses.<\/p>\n\n\n\n<figure class=\"wp-block-image size-full\"><img loading=\"lazy\" decoding=\"async\" width=\"735\" height=\"735\" src=\"https:\/\/blogdorogeriogomes.com.br\/wp-content\/uploads\/2022\/12\/IMG-20221206-WA0012.jpg\" alt=\"\" class=\"wp-image-27676\" srcset=\"https:\/\/blogdorogeriogomes.com.br\/noticias\/wp-content\/uploads\/2022\/12\/IMG-20221206-WA0012.jpg 735w, https:\/\/blogdorogeriogomes.com.br\/noticias\/wp-content\/uploads\/2022\/12\/IMG-20221206-WA0012-300x300.jpg 300w, https:\/\/blogdorogeriogomes.com.br\/noticias\/wp-content\/uploads\/2022\/12\/IMG-20221206-WA0012-150x150.jpg 150w, https:\/\/blogdorogeriogomes.com.br\/noticias\/wp-content\/uploads\/2022\/12\/IMG-20221206-WA0012-250x250.jpg 250w\" sizes=\"auto, (max-width: 735px) 100vw, 735px\" \/><\/figure>\n","protected":false},"excerpt":{"rendered":"<p>O deputado federal cearense Andr\u00e9 Figueiredo foi reconduzido \u00e0 lideran\u00e7a da bancada do PDT na C\u00e2mara dos Deputados, em Bras\u00edlia. A defini\u00e7\u00e3o aconteceu nesta ter\u00e7a-feira, dia 6 de dezembro, em reuni\u00e3o da Executiva Nacional do partido na Capital federal.A reuni\u00e3o teve a presen\u00e7a do presidente nacional do PDT, Carlos Lupi, e do ex-prefeito de Fortaleza, Roberto Cl\u00e1udio, que concorreu ao Governo do Cear\u00e1 pelo partido. Andr\u00e9 Figueiredo ser\u00e1 um dos respons\u00e1veis pelas negocia\u00e7\u00f5es de reaproxima\u00e7\u00e3o do PDT com o&hellip;<\/p>\n","protected":false},"author":1,"featured_media":27676,"comment_status":"open","ping_status":"open","sticky":false,"template":"","format":"standard","meta":{"footnotes":""},"categories":[1],"tags":[],"class_list":["post-27675","post","type-post","status-publish","format-standard","has-post-thumbnail","hentry","category-noticias"],"_links":{"self":[{"href":"https:\/\/blogdorogeriogomes.com.br\/noticias\/wp-json\/wp\/v2\/posts\/27675","targetHints":{"allow":["GET"]}}],"collection":[{"href":"https:\/\/blogdorogeriogomes.com.br\/noticias\/wp-json\/wp\/v2\/posts"}],"about":[{"href":"https:\/\/blogdorogeriogomes.com.br\/noticias\/wp-json\/wp\/v2\/types\/post"}],"author":[{"embeddable":true,"href":"https:\/\/blogdorogeriogomes.com.br\/noticias\/wp-json\/wp\/v2\/users\/1"}],"replies":[{"embeddable":true,"href":"https:\/\/blogdorogeriogomes.com.br\/noticias\/wp-json\/wp\/v2\/comments?post=27675"}],"version-history":[{"count":1,"href":"https:\/\/blogdorogeriogomes.com.br\/noticias\/wp-json\/wp\/v2\/posts\/27675\/revisions"}],"predecessor-version":[{"id":27677,"href":"https:\/\/blogdorogeriogomes.com.br\/noticias\/wp-json\/wp\/v2\/posts\/27675\/revisions\/27677"}],"wp:featuredmedia":[{"embeddable":true,"href":"https:\/\/blogdorogeriogomes.com.br\/noticias\/wp-json\/wp\/v2\/media\/27676"}],"wp:attachment":[{"href":"https:\/\/blogdorogeriogomes.com.br\/noticias\/wp-json\/wp\/v2\/media?parent=27675"}],"wp:term":[{"taxonomy":"category","embeddable":true,"href":"https:\/\/blogdorogeriogomes.com.br\/noticias\/wp-json\/wp\/v2\/categories?post=27675"},{"taxonomy":"post_tag","embeddable":true,"href":"https:\/\/blogdorogeriogomes.com.br\/noticias\/wp-json\/wp\/v2\/tags?post=27675"}],"curies":[{"name":"wp","href":"https:\/\/api.w.org\/{rel}","templated":true}]}}