{"id":27681,"date":"2022-12-07T10:00:53","date_gmt":"2022-12-07T10:00:53","guid":{"rendered":"https:\/\/blogdorogeriogomes.com.br\/?p=27681"},"modified":"2022-12-07T11:40:52","modified_gmt":"2022-12-07T11:40:52","slug":"prefeito-jose-sarto-encaminha-projeto-da-taxa-de-lixo-para-votacao-na-camara-municipal-de-fortaleza","status":"publish","type":"post","link":"https:\/\/blogdorogeriogomes.com.br\/noticias\/2022\/12\/prefeito-jose-sarto-encaminha-projeto-da-taxa-de-lixo-para-votacao-na-camara-municipal-de-fortaleza\/","title":{"rendered":"Prefeito Jos\u00e9 Sarto encaminha projeto da taxa de lixo para vota\u00e7\u00e3o na C\u00e2mara Municipal de Fortaleza"},"content":{"rendered":"\n<p>De acordo com mat\u00e9ria de O POVO, o prefeito de Fortaleza, Jos\u00e9 Sarto (PDT), enviou \u00e0 C\u00e2mara Municipal de Fortaleza o projeto que institui a Taxa do Lixo, nesta ter\u00e7a-feira, dia 6 de dezembro. O valor ser\u00e1 de R$ 21,50 a R$ 133,23 por m\u00eas. O crit\u00e9rio escolhido para definir o valor \u00e9 a \u00e1rea edificada do im\u00f3vel. Haver\u00e1 ainda 232 mil im\u00f3veis isentos, ou seja, 29% do total.<br>Sarto pede que a proposta tramite em regime de urg\u00eancia. Se aprovada, a cobran\u00e7a come\u00e7a 90 dias ap\u00f3s a publica\u00e7\u00e3o no Di\u00e1rio Oficial.<br>Devem pagar a taxa os im\u00f3veis residenciais e os n\u00e3o-residenciais que produzem menos de 100 litros de lixo por dia. Os que declaram produzir acima disso s\u00e3o obrigados a contratar servi\u00e7o de coleta pr\u00f3prio.<\/p>\n\n\n\n<figure class=\"wp-block-image size-full\"><img loading=\"lazy\" decoding=\"async\" width=\"678\" height=\"452\" src=\"https:\/\/blogdorogeriogomes.com.br\/wp-content\/uploads\/2022\/12\/IMG-20221207-WA0000.jpg\" alt=\"\" class=\"wp-image-27682\" srcset=\"https:\/\/blogdorogeriogomes.com.br\/noticias\/wp-content\/uploads\/2022\/12\/IMG-20221207-WA0000.jpg 678w, https:\/\/blogdorogeriogomes.com.br\/noticias\/wp-content\/uploads\/2022\/12\/IMG-20221207-WA0000-300x200.jpg 300w\" sizes=\"auto, (max-width: 678px) 100vw, 678px\" \/><\/figure>\n","protected":false},"excerpt":{"rendered":"<p>De acordo com mat\u00e9ria de O POVO, o prefeito de Fortaleza, Jos\u00e9 Sarto (PDT), enviou \u00e0 C\u00e2mara Municipal de Fortaleza o projeto que institui a Taxa do Lixo, nesta ter\u00e7a-feira, dia 6 de dezembro. O valor ser\u00e1 de R$ 21,50 a R$ 133,23 por m\u00eas. O crit\u00e9rio escolhido para definir o valor \u00e9 a \u00e1rea edificada do im\u00f3vel. Haver\u00e1 ainda 232 mil im\u00f3veis isentos, ou seja, 29% do total.Sarto pede que a proposta tramite em regime de urg\u00eancia. Se&hellip;<\/p>\n","protected":false},"author":1,"featured_media":27682,"comment_status":"open","ping_status":"open","sticky":false,"template":"","format":"standard","meta":{"footnotes":""},"categories":[1],"tags":[],"class_list":["post-27681","post","type-post","status-publish","format-standard","has-post-thumbnail","hentry","category-noticias"],"_links":{"self":[{"href":"https:\/\/blogdorogeriogomes.com.br\/noticias\/wp-json\/wp\/v2\/posts\/27681","targetHints":{"allow":["GET"]}}],"collection":[{"href":"https:\/\/blogdorogeriogomes.com.br\/noticias\/wp-json\/wp\/v2\/posts"}],"about":[{"href":"https:\/\/blogdorogeriogomes.com.br\/noticias\/wp-json\/wp\/v2\/types\/post"}],"author":[{"embeddable":true,"href":"https:\/\/blogdorogeriogomes.com.br\/noticias\/wp-json\/wp\/v2\/users\/1"}],"replies":[{"embeddable":true,"href":"https:\/\/blogdorogeriogomes.com.br\/noticias\/wp-json\/wp\/v2\/comments?post=27681"}],"version-history":[{"count":1,"href":"https:\/\/blogdorogeriogomes.com.br\/noticias\/wp-json\/wp\/v2\/posts\/27681\/revisions"}],"predecessor-version":[{"id":27683,"href":"https:\/\/blogdorogeriogomes.com.br\/noticias\/wp-json\/wp\/v2\/posts\/27681\/revisions\/27683"}],"wp:featuredmedia":[{"embeddable":true,"href":"https:\/\/blogdorogeriogomes.com.br\/noticias\/wp-json\/wp\/v2\/media\/27682"}],"wp:attachment":[{"href":"https:\/\/blogdorogeriogomes.com.br\/noticias\/wp-json\/wp\/v2\/media?parent=27681"}],"wp:term":[{"taxonomy":"category","embeddable":true,"href":"https:\/\/blogdorogeriogomes.com.br\/noticias\/wp-json\/wp\/v2\/categories?post=27681"},{"taxonomy":"post_tag","embeddable":true,"href":"https:\/\/blogdorogeriogomes.com.br\/noticias\/wp-json\/wp\/v2\/tags?post=27681"}],"curies":[{"name":"wp","href":"https:\/\/api.w.org\/{rel}","templated":true}]}}