{"id":27690,"date":"2022-12-08T10:46:32","date_gmt":"2022-12-08T10:46:32","guid":{"rendered":"https:\/\/blogdorogeriogomes.com.br\/?p=27690"},"modified":"2022-12-08T12:48:26","modified_gmt":"2022-12-08T12:48:26","slug":"apos-gerar-polemica-votacao-da-taxa-do-lixo-em-fortaleza-fica-para-proxima-semana-na-camara-municipal","status":"publish","type":"post","link":"https:\/\/blogdorogeriogomes.com.br\/noticias\/2022\/12\/apos-gerar-polemica-votacao-da-taxa-do-lixo-em-fortaleza-fica-para-proxima-semana-na-camara-municipal\/","title":{"rendered":"Ap\u00f3s gerar pol\u00eamica, vota\u00e7\u00e3o da taxa do lixo em Fortaleza fica para pr\u00f3xima semana na C\u00e2mara Municipal"},"content":{"rendered":"\n<p>Vereadores de oposi\u00e7\u00e3o reagiram de forma en\u00e9rgica contra a cria\u00e7\u00e3o da taxa do lixo em Fortaleza, proposta pelo prefeito Jos\u00e9 Sarto (PDT). O projeto come\u00e7ou a tramitar em regime de urg\u00eancia nesta quarta-feira, dia 7 de dezembro, e passar\u00e1 primeiramente por an\u00e1lise da Comiss\u00e3o de Constitui\u00e7\u00e3o, Justi\u00e7a e Or\u00e7amento. S\u00f3 na pr\u00f3xima semana dever\u00e1 ser apreciado em plen\u00e1rio pelos vereadores.<br>Jos\u00e9 Sarto tem maioria na Casa para aprovar a mat\u00e9ria, mas a proposta de cria\u00e7\u00e3o de um novo imposto no \u00faltimo ano n\u00e3o foi recebida bem nem pelos vereadores da situa\u00e7\u00e3o. As discuss\u00f5es em plen\u00e1rio a cerca do projeto prometem esquentar.<br>A Prefeitura de Fortaleza promete isentar da taxa cerca de 30% dos fortalezenses, que sejam de baixa renda. Os valores da taxa devem variar de R$ 21 a R$ 137 por m\u00eas. Os vereadores poder\u00e3o apresentar emendas.<\/p>\n\n\n\n<figure class=\"wp-block-image size-full\"><img loading=\"lazy\" decoding=\"async\" width=\"800\" height=\"533\" src=\"https:\/\/blogdorogeriogomes.com.br\/wp-content\/uploads\/2022\/12\/IMG-20221208-WA0001.jpg\" alt=\"\" class=\"wp-image-27691\" srcset=\"https:\/\/blogdorogeriogomes.com.br\/noticias\/wp-content\/uploads\/2022\/12\/IMG-20221208-WA0001.jpg 800w, https:\/\/blogdorogeriogomes.com.br\/noticias\/wp-content\/uploads\/2022\/12\/IMG-20221208-WA0001-300x200.jpg 300w, https:\/\/blogdorogeriogomes.com.br\/noticias\/wp-content\/uploads\/2022\/12\/IMG-20221208-WA0001-768x512.jpg 768w\" sizes=\"auto, (max-width: 800px) 100vw, 800px\" \/><\/figure>\n","protected":false},"excerpt":{"rendered":"<p>Vereadores de oposi\u00e7\u00e3o reagiram de forma en\u00e9rgica contra a cria\u00e7\u00e3o da taxa do lixo em Fortaleza, proposta pelo prefeito Jos\u00e9 Sarto (PDT). O projeto come\u00e7ou a tramitar em regime de urg\u00eancia nesta quarta-feira, dia 7 de dezembro, e passar\u00e1 primeiramente por an\u00e1lise da Comiss\u00e3o de Constitui\u00e7\u00e3o, Justi\u00e7a e Or\u00e7amento. S\u00f3 na pr\u00f3xima semana dever\u00e1 ser apreciado em plen\u00e1rio pelos vereadores.Jos\u00e9 Sarto tem maioria na Casa para aprovar a mat\u00e9ria, mas a proposta de cria\u00e7\u00e3o de um novo imposto no&hellip;<\/p>\n","protected":false},"author":1,"featured_media":27691,"comment_status":"open","ping_status":"open","sticky":false,"template":"","format":"standard","meta":{"footnotes":""},"categories":[1],"tags":[],"class_list":["post-27690","post","type-post","status-publish","format-standard","has-post-thumbnail","hentry","category-noticias"],"_links":{"self":[{"href":"https:\/\/blogdorogeriogomes.com.br\/noticias\/wp-json\/wp\/v2\/posts\/27690","targetHints":{"allow":["GET"]}}],"collection":[{"href":"https:\/\/blogdorogeriogomes.com.br\/noticias\/wp-json\/wp\/v2\/posts"}],"about":[{"href":"https:\/\/blogdorogeriogomes.com.br\/noticias\/wp-json\/wp\/v2\/types\/post"}],"author":[{"embeddable":true,"href":"https:\/\/blogdorogeriogomes.com.br\/noticias\/wp-json\/wp\/v2\/users\/1"}],"replies":[{"embeddable":true,"href":"https:\/\/blogdorogeriogomes.com.br\/noticias\/wp-json\/wp\/v2\/comments?post=27690"}],"version-history":[{"count":1,"href":"https:\/\/blogdorogeriogomes.com.br\/noticias\/wp-json\/wp\/v2\/posts\/27690\/revisions"}],"predecessor-version":[{"id":27692,"href":"https:\/\/blogdorogeriogomes.com.br\/noticias\/wp-json\/wp\/v2\/posts\/27690\/revisions\/27692"}],"wp:featuredmedia":[{"embeddable":true,"href":"https:\/\/blogdorogeriogomes.com.br\/noticias\/wp-json\/wp\/v2\/media\/27691"}],"wp:attachment":[{"href":"https:\/\/blogdorogeriogomes.com.br\/noticias\/wp-json\/wp\/v2\/media?parent=27690"}],"wp:term":[{"taxonomy":"category","embeddable":true,"href":"https:\/\/blogdorogeriogomes.com.br\/noticias\/wp-json\/wp\/v2\/categories?post=27690"},{"taxonomy":"post_tag","embeddable":true,"href":"https:\/\/blogdorogeriogomes.com.br\/noticias\/wp-json\/wp\/v2\/tags?post=27690"}],"curies":[{"name":"wp","href":"https:\/\/api.w.org\/{rel}","templated":true}]}}