{"id":27693,"date":"2022-12-09T01:42:30","date_gmt":"2022-12-09T01:42:30","guid":{"rendered":"https:\/\/blogdorogeriogomes.com.br\/?p=27693"},"modified":"2022-12-12T12:09:01","modified_gmt":"2022-12-12T12:09:01","slug":"prefeitura-de-fortaleza-lanca-editais-para-o-ciclo-carnavalesco-de-2023","status":"publish","type":"post","link":"https:\/\/blogdorogeriogomes.com.br\/noticias\/2022\/12\/prefeitura-de-fortaleza-lanca-editais-para-o-ciclo-carnavalesco-de-2023\/","title":{"rendered":"Prefeitura de Fortaleza lan\u00e7a editais para o Ciclo Carnavalesco de 2023"},"content":{"rendered":"\n<p>A Prefeitura de Fortaleza lan\u00e7ou, por meio da Secretaria Municipal da Cultura de Fortaleza, tr\u00eas editais referentes ao Ciclo Carnavalesco de 2023: Concess\u00e3o de Apoio Financeiro ao Desfile das Agremia\u00e7\u00f5es Carnavalescas na Avenida Domingos Ol\u00edmpio de Fortaleza, Concess\u00e3o de Apoio Financeiro aos Blocos de Rua Independentes do Ciclo Carnavalesco de Fortaleza e Credenciamento de Atra\u00e7\u00f5es Art\u00edsticas com Tem\u00e1ticas Especiais para Apresenta\u00e7\u00f5es no Ciclo Carnavalesco.<br>Os interessados em compor a programa\u00e7\u00e3o do Pr\u00e9-Carnaval e do Carnaval de Fortaleza t\u00eam at\u00e9 o dia 21 de dezembro para participarem do chamamento p\u00fablico.<br>As inscri\u00e7\u00f5es ocorrer\u00e3o preferencialmente pela&nbsp; plataforma Mapa Cultural&nbsp;ou na sede da Central de Licita\u00e7\u00f5es da Prefeitura de Fortaleza, localizado na Avenida Her\u00e1clito Gra\u00e7a, 750 &#8211; Centro, de segunda a sexta- feira, das 8 \u00e0s 12 horas e das 13 \u00e0s 17 horas.<\/p>\n\n\n\n<figure class=\"wp-block-image size-large\"><img loading=\"lazy\" decoding=\"async\" width=\"1024\" height=\"602\" src=\"https:\/\/blogdorogeriogomes.com.br\/wp-content\/uploads\/2022\/12\/IMG-20221208-WA0003-1024x602.jpg\" alt=\"\" class=\"wp-image-27694\" srcset=\"https:\/\/blogdorogeriogomes.com.br\/noticias\/wp-content\/uploads\/2022\/12\/IMG-20221208-WA0003-1024x602.jpg 1024w, https:\/\/blogdorogeriogomes.com.br\/noticias\/wp-content\/uploads\/2022\/12\/IMG-20221208-WA0003-300x176.jpg 300w, https:\/\/blogdorogeriogomes.com.br\/noticias\/wp-content\/uploads\/2022\/12\/IMG-20221208-WA0003-768x451.jpg 768w, https:\/\/blogdorogeriogomes.com.br\/noticias\/wp-content\/uploads\/2022\/12\/IMG-20221208-WA0003-800x470.jpg 800w, https:\/\/blogdorogeriogomes.com.br\/noticias\/wp-content\/uploads\/2022\/12\/IMG-20221208-WA0003.jpg 1280w\" sizes=\"auto, (max-width: 1024px) 100vw, 1024px\" \/><\/figure>\n","protected":false},"excerpt":{"rendered":"<p>A Prefeitura de Fortaleza lan\u00e7ou, por meio da Secretaria Municipal da Cultura de Fortaleza, tr\u00eas editais referentes ao Ciclo Carnavalesco de 2023: Concess\u00e3o de Apoio Financeiro ao Desfile das Agremia\u00e7\u00f5es Carnavalescas na Avenida Domingos Ol\u00edmpio de Fortaleza, Concess\u00e3o de Apoio Financeiro aos Blocos de Rua Independentes do Ciclo Carnavalesco de Fortaleza e Credenciamento de Atra\u00e7\u00f5es Art\u00edsticas com Tem\u00e1ticas Especiais para Apresenta\u00e7\u00f5es no Ciclo Carnavalesco.Os interessados em compor a programa\u00e7\u00e3o do Pr\u00e9-Carnaval e do Carnaval de Fortaleza t\u00eam at\u00e9 o&hellip;<\/p>\n","protected":false},"author":1,"featured_media":27694,"comment_status":"open","ping_status":"open","sticky":false,"template":"","format":"standard","meta":{"footnotes":""},"categories":[1],"tags":[],"class_list":["post-27693","post","type-post","status-publish","format-standard","has-post-thumbnail","hentry","category-noticias"],"_links":{"self":[{"href":"https:\/\/blogdorogeriogomes.com.br\/noticias\/wp-json\/wp\/v2\/posts\/27693","targetHints":{"allow":["GET"]}}],"collection":[{"href":"https:\/\/blogdorogeriogomes.com.br\/noticias\/wp-json\/wp\/v2\/posts"}],"about":[{"href":"https:\/\/blogdorogeriogomes.com.br\/noticias\/wp-json\/wp\/v2\/types\/post"}],"author":[{"embeddable":true,"href":"https:\/\/blogdorogeriogomes.com.br\/noticias\/wp-json\/wp\/v2\/users\/1"}],"replies":[{"embeddable":true,"href":"https:\/\/blogdorogeriogomes.com.br\/noticias\/wp-json\/wp\/v2\/comments?post=27693"}],"version-history":[{"count":1,"href":"https:\/\/blogdorogeriogomes.com.br\/noticias\/wp-json\/wp\/v2\/posts\/27693\/revisions"}],"predecessor-version":[{"id":27695,"href":"https:\/\/blogdorogeriogomes.com.br\/noticias\/wp-json\/wp\/v2\/posts\/27693\/revisions\/27695"}],"wp:featuredmedia":[{"embeddable":true,"href":"https:\/\/blogdorogeriogomes.com.br\/noticias\/wp-json\/wp\/v2\/media\/27694"}],"wp:attachment":[{"href":"https:\/\/blogdorogeriogomes.com.br\/noticias\/wp-json\/wp\/v2\/media?parent=27693"}],"wp:term":[{"taxonomy":"category","embeddable":true,"href":"https:\/\/blogdorogeriogomes.com.br\/noticias\/wp-json\/wp\/v2\/categories?post=27693"},{"taxonomy":"post_tag","embeddable":true,"href":"https:\/\/blogdorogeriogomes.com.br\/noticias\/wp-json\/wp\/v2\/tags?post=27693"}],"curies":[{"name":"wp","href":"https:\/\/api.w.org\/{rel}","templated":true}]}}