{"id":27702,"date":"2022-12-09T11:53:37","date_gmt":"2022-12-09T11:53:37","guid":{"rendered":"https:\/\/blogdorogeriogomes.com.br\/?p=27702"},"modified":"2022-12-12T12:08:40","modified_gmt":"2022-12-12T12:08:40","slug":"cresce-expectativa-pela-definicao-do-secretariado-do-futuro-governo-elmano-de-freitas","status":"publish","type":"post","link":"https:\/\/blogdorogeriogomes.com.br\/noticias\/2022\/12\/cresce-expectativa-pela-definicao-do-secretariado-do-futuro-governo-elmano-de-freitas\/","title":{"rendered":"Cresce expectativa pela defini\u00e7\u00e3o do secretariado do futuro Governo Elmano de Freitas"},"content":{"rendered":"\n<p>A transi\u00e7\u00e3o no Governo do Cear\u00e1 prossegue, mas a grande expectativa no momento \u00e9 a defini\u00e7\u00e3o dos nomes dos novos secret\u00e1rios estaduais que v\u00e3o compor a gest\u00e3o do futuro governador Elmano de Freitas (PT). Esta semana, o petista confirmou o convite para que o PDT venha a participar do secretariado. As negocia\u00e7\u00f5es est\u00e3o sendo conduzidas pelo presidente estadual do PDT, deputado federal Andr\u00e9 Figueiredo. O PDT deve fazer uma consulta entre os filiados, que poder\u00e3o apontar nomes em caso de concord\u00e2ncia em participar do Governo Elmano.<br>Mas o futuro governador tamb\u00e9m avalia nomes que j\u00e1 integram a equipe de transi\u00e7\u00e3o. Por enquanto, quem j\u00e1 est\u00e1 confirmada \u00e9 a secret\u00e1ria da Fazenda, Fernanda Pacobayba, que seguir\u00e1 no comando da pasta.<br>A diploma\u00e7\u00e3o de Elmano de Freitas (governador) e Jade Romero (vice) pelo TRE do Cear\u00e1 acontece pr\u00f3ximo dia 16 de dezembro. A expectativa \u00e9 que, na sequ\u00eancia, o governador eleito anuncie os nomes do novo secretariado estadual.<\/p>\n\n\n\n<figure class=\"wp-block-image size-full\"><img loading=\"lazy\" decoding=\"async\" width=\"818\" height=\"459\" src=\"https:\/\/blogdorogeriogomes.com.br\/wp-content\/uploads\/2022\/12\/IMG-20221209-WA0001.jpg\" alt=\"\" class=\"wp-image-27703\" srcset=\"https:\/\/blogdorogeriogomes.com.br\/noticias\/wp-content\/uploads\/2022\/12\/IMG-20221209-WA0001.jpg 818w, https:\/\/blogdorogeriogomes.com.br\/noticias\/wp-content\/uploads\/2022\/12\/IMG-20221209-WA0001-300x168.jpg 300w, https:\/\/blogdorogeriogomes.com.br\/noticias\/wp-content\/uploads\/2022\/12\/IMG-20221209-WA0001-768x431.jpg 768w, https:\/\/blogdorogeriogomes.com.br\/noticias\/wp-content\/uploads\/2022\/12\/IMG-20221209-WA0001-800x449.jpg 800w\" sizes=\"auto, (max-width: 818px) 100vw, 818px\" \/><\/figure>\n","protected":false},"excerpt":{"rendered":"<p>A transi\u00e7\u00e3o no Governo do Cear\u00e1 prossegue, mas a grande expectativa no momento \u00e9 a defini\u00e7\u00e3o dos nomes dos novos secret\u00e1rios estaduais que v\u00e3o compor a gest\u00e3o do futuro governador Elmano de Freitas (PT). Esta semana, o petista confirmou o convite para que o PDT venha a participar do secretariado. As negocia\u00e7\u00f5es est\u00e3o sendo conduzidas pelo presidente estadual do PDT, deputado federal Andr\u00e9 Figueiredo. O PDT deve fazer uma consulta entre os filiados, que poder\u00e3o apontar nomes em caso&hellip;<\/p>\n","protected":false},"author":1,"featured_media":27703,"comment_status":"open","ping_status":"open","sticky":false,"template":"","format":"standard","meta":{"footnotes":""},"categories":[1],"tags":[],"class_list":["post-27702","post","type-post","status-publish","format-standard","has-post-thumbnail","hentry","category-noticias"],"_links":{"self":[{"href":"https:\/\/blogdorogeriogomes.com.br\/noticias\/wp-json\/wp\/v2\/posts\/27702","targetHints":{"allow":["GET"]}}],"collection":[{"href":"https:\/\/blogdorogeriogomes.com.br\/noticias\/wp-json\/wp\/v2\/posts"}],"about":[{"href":"https:\/\/blogdorogeriogomes.com.br\/noticias\/wp-json\/wp\/v2\/types\/post"}],"author":[{"embeddable":true,"href":"https:\/\/blogdorogeriogomes.com.br\/noticias\/wp-json\/wp\/v2\/users\/1"}],"replies":[{"embeddable":true,"href":"https:\/\/blogdorogeriogomes.com.br\/noticias\/wp-json\/wp\/v2\/comments?post=27702"}],"version-history":[{"count":1,"href":"https:\/\/blogdorogeriogomes.com.br\/noticias\/wp-json\/wp\/v2\/posts\/27702\/revisions"}],"predecessor-version":[{"id":27704,"href":"https:\/\/blogdorogeriogomes.com.br\/noticias\/wp-json\/wp\/v2\/posts\/27702\/revisions\/27704"}],"wp:featuredmedia":[{"embeddable":true,"href":"https:\/\/blogdorogeriogomes.com.br\/noticias\/wp-json\/wp\/v2\/media\/27703"}],"wp:attachment":[{"href":"https:\/\/blogdorogeriogomes.com.br\/noticias\/wp-json\/wp\/v2\/media?parent=27702"}],"wp:term":[{"taxonomy":"category","embeddable":true,"href":"https:\/\/blogdorogeriogomes.com.br\/noticias\/wp-json\/wp\/v2\/categories?post=27702"},{"taxonomy":"post_tag","embeddable":true,"href":"https:\/\/blogdorogeriogomes.com.br\/noticias\/wp-json\/wp\/v2\/tags?post=27702"}],"curies":[{"name":"wp","href":"https:\/\/api.w.org\/{rel}","templated":true}]}}