{"id":27705,"date":"2022-12-09T15:32:58","date_gmt":"2022-12-09T15:32:58","guid":{"rendered":"https:\/\/blogdorogeriogomes.com.br\/?p=27705"},"modified":"2022-12-12T12:08:33","modified_gmt":"2022-12-12T12:08:33","slug":"lula-anuncia-os-primeiros-ministros-para-o-novo-governo-que-comeca-em-janeiro","status":"publish","type":"post","link":"https:\/\/blogdorogeriogomes.com.br\/noticias\/2022\/12\/lula-anuncia-os-primeiros-ministros-para-o-novo-governo-que-comeca-em-janeiro\/","title":{"rendered":"Lula anuncia os primeiros ministros para o novo governo que come\u00e7a em janeiro"},"content":{"rendered":"\n<p>O presidente eleito, Luiz In\u00e1cio Lula da Silva (PT), confirmou nesta sexta-feira, dia 9 de dezembro, os primeiros ministros do novo governo que come\u00e7a em 1\u00b0 de janeiro de 2023. Fernando Haddad (PT) foi confirmado para o Minist\u00e9rio da Fazenda.<br>O ex-presidente do Tribunal de Contas da Uni\u00e3o (TCU) Jos\u00e9 M\u00facio ir\u00e1 para o Minist\u00e9rio da Defesa, o ex-governador e senador eleito Fl\u00e1vio Dino (PSB) para o Minist\u00e9rio da Justi\u00e7a e Seguran\u00e7a P\u00fablica, Mauro Vieira para o Minist\u00e9rio das Rela\u00e7\u00f5es Exteriores e o governador da Bahia, Rui Costa (PT), para a Casa Civil.<br>O restante do Minist\u00e9rio deve ser confirmado ap\u00f3s a diploma\u00e7\u00e3o de Lula como presidente da Rep\u00fablica, marcada para a pr\u00f3xima segunda-feira, dia 12.<\/p>\n\n\n\n<figure class=\"wp-block-image size-full\"><img loading=\"lazy\" decoding=\"async\" width=\"540\" height=\"304\" src=\"https:\/\/blogdorogeriogomes.com.br\/wp-content\/uploads\/2022\/12\/IMG-20221209-WA0003.jpg\" alt=\"\" class=\"wp-image-27706\" srcset=\"https:\/\/blogdorogeriogomes.com.br\/noticias\/wp-content\/uploads\/2022\/12\/IMG-20221209-WA0003.jpg 540w, https:\/\/blogdorogeriogomes.com.br\/noticias\/wp-content\/uploads\/2022\/12\/IMG-20221209-WA0003-300x169.jpg 300w\" sizes=\"auto, (max-width: 540px) 100vw, 540px\" \/><\/figure>\n","protected":false},"excerpt":{"rendered":"<p>O presidente eleito, Luiz In\u00e1cio Lula da Silva (PT), confirmou nesta sexta-feira, dia 9 de dezembro, os primeiros ministros do novo governo que come\u00e7a em 1\u00b0 de janeiro de 2023. Fernando Haddad (PT) foi confirmado para o Minist\u00e9rio da Fazenda.O ex-presidente do Tribunal de Contas da Uni\u00e3o (TCU) Jos\u00e9 M\u00facio ir\u00e1 para o Minist\u00e9rio da Defesa, o ex-governador e senador eleito Fl\u00e1vio Dino (PSB) para o Minist\u00e9rio da Justi\u00e7a e Seguran\u00e7a P\u00fablica, Mauro Vieira para o Minist\u00e9rio das Rela\u00e7\u00f5es&hellip;<\/p>\n","protected":false},"author":1,"featured_media":27706,"comment_status":"open","ping_status":"open","sticky":false,"template":"","format":"standard","meta":{"footnotes":""},"categories":[1],"tags":[],"class_list":["post-27705","post","type-post","status-publish","format-standard","has-post-thumbnail","hentry","category-noticias"],"_links":{"self":[{"href":"https:\/\/blogdorogeriogomes.com.br\/noticias\/wp-json\/wp\/v2\/posts\/27705","targetHints":{"allow":["GET"]}}],"collection":[{"href":"https:\/\/blogdorogeriogomes.com.br\/noticias\/wp-json\/wp\/v2\/posts"}],"about":[{"href":"https:\/\/blogdorogeriogomes.com.br\/noticias\/wp-json\/wp\/v2\/types\/post"}],"author":[{"embeddable":true,"href":"https:\/\/blogdorogeriogomes.com.br\/noticias\/wp-json\/wp\/v2\/users\/1"}],"replies":[{"embeddable":true,"href":"https:\/\/blogdorogeriogomes.com.br\/noticias\/wp-json\/wp\/v2\/comments?post=27705"}],"version-history":[{"count":1,"href":"https:\/\/blogdorogeriogomes.com.br\/noticias\/wp-json\/wp\/v2\/posts\/27705\/revisions"}],"predecessor-version":[{"id":27707,"href":"https:\/\/blogdorogeriogomes.com.br\/noticias\/wp-json\/wp\/v2\/posts\/27705\/revisions\/27707"}],"wp:featuredmedia":[{"embeddable":true,"href":"https:\/\/blogdorogeriogomes.com.br\/noticias\/wp-json\/wp\/v2\/media\/27706"}],"wp:attachment":[{"href":"https:\/\/blogdorogeriogomes.com.br\/noticias\/wp-json\/wp\/v2\/media?parent=27705"}],"wp:term":[{"taxonomy":"category","embeddable":true,"href":"https:\/\/blogdorogeriogomes.com.br\/noticias\/wp-json\/wp\/v2\/categories?post=27705"},{"taxonomy":"post_tag","embeddable":true,"href":"https:\/\/blogdorogeriogomes.com.br\/noticias\/wp-json\/wp\/v2\/tags?post=27705"}],"curies":[{"name":"wp","href":"https:\/\/api.w.org\/{rel}","templated":true}]}}