{"id":27712,"date":"2022-12-12T20:34:12","date_gmt":"2022-12-12T20:34:12","guid":{"rendered":"https:\/\/blogdorogeriogomes.com.br\/?p=27712"},"modified":"2022-12-13T12:21:35","modified_gmt":"2022-12-13T12:21:35","slug":"lula-e-diplomado-como-presidente-da-republica-pelo-tribunal-superior-eleitoral","status":"publish","type":"post","link":"https:\/\/blogdorogeriogomes.com.br\/noticias\/2022\/12\/lula-e-diplomado-como-presidente-da-republica-pelo-tribunal-superior-eleitoral\/","title":{"rendered":"Lula \u00e9 diplomado como presidente da Rep\u00fablica pelo Tribunal Superior Eleitoral"},"content":{"rendered":"\n<p>O presidente eleito, Luiz In\u00e1cio Lula da Silva (PT), e o vice-presidente eleito,&nbsp;Geraldo Alckmin (PSB), foram diplomados na tarde desta segunda-feira, dia 12 de dezembro, em cerim\u00f4nia no&nbsp;Tribunal Superior Eleitoral (TSE). Lula e Alckmin receberam os diplomas das m\u00e3os do presidente do TSE,&nbsp;Alexandre de Moraes. Lula chorou durante o discurso. Emocionado, ele disse: &#8220;Esse diploma n\u00e3o \u00e9 do Lula presidente, mas de parcela significativa do povo que conquistou o direito de viver em democracia. Voc\u00eas ganharam esse diploma&#8221;.<br>A diploma\u00e7\u00e3o \u00e9 uma etapa que confirma o processo eleitoral e habilita Lula e Alckmin a tomar posse como presidente e vice-presidente da Rep\u00fablica no dia 1\u00ba de janeiro de 2023.<\/p>\n\n\n\n<figure class=\"wp-block-image size-full\"><img loading=\"lazy\" decoding=\"async\" width=\"984\" height=\"554\" src=\"https:\/\/blogdorogeriogomes.com.br\/wp-content\/uploads\/2022\/12\/IMG-20221212-WA0004.jpg\" alt=\"\" class=\"wp-image-27713\" srcset=\"https:\/\/blogdorogeriogomes.com.br\/noticias\/wp-content\/uploads\/2022\/12\/IMG-20221212-WA0004.jpg 984w, https:\/\/blogdorogeriogomes.com.br\/noticias\/wp-content\/uploads\/2022\/12\/IMG-20221212-WA0004-300x169.jpg 300w, https:\/\/blogdorogeriogomes.com.br\/noticias\/wp-content\/uploads\/2022\/12\/IMG-20221212-WA0004-768x432.jpg 768w, https:\/\/blogdorogeriogomes.com.br\/noticias\/wp-content\/uploads\/2022\/12\/IMG-20221212-WA0004-800x450.jpg 800w\" sizes=\"auto, (max-width: 984px) 100vw, 984px\" \/><\/figure>\n","protected":false},"excerpt":{"rendered":"<p>O presidente eleito, Luiz In\u00e1cio Lula da Silva (PT), e o vice-presidente eleito,&nbsp;Geraldo Alckmin (PSB), foram diplomados na tarde desta segunda-feira, dia 12 de dezembro, em cerim\u00f4nia no&nbsp;Tribunal Superior Eleitoral (TSE). Lula e Alckmin receberam os diplomas das m\u00e3os do presidente do TSE,&nbsp;Alexandre de Moraes. Lula chorou durante o discurso. Emocionado, ele disse: &#8220;Esse diploma n\u00e3o \u00e9 do Lula presidente, mas de parcela significativa do povo que conquistou o direito de viver em democracia. Voc\u00eas ganharam esse diploma&#8221;.A diploma\u00e7\u00e3o&hellip;<\/p>\n","protected":false},"author":1,"featured_media":27713,"comment_status":"open","ping_status":"open","sticky":false,"template":"","format":"standard","meta":{"footnotes":""},"categories":[1],"tags":[],"class_list":["post-27712","post","type-post","status-publish","format-standard","has-post-thumbnail","hentry","category-noticias"],"_links":{"self":[{"href":"https:\/\/blogdorogeriogomes.com.br\/noticias\/wp-json\/wp\/v2\/posts\/27712","targetHints":{"allow":["GET"]}}],"collection":[{"href":"https:\/\/blogdorogeriogomes.com.br\/noticias\/wp-json\/wp\/v2\/posts"}],"about":[{"href":"https:\/\/blogdorogeriogomes.com.br\/noticias\/wp-json\/wp\/v2\/types\/post"}],"author":[{"embeddable":true,"href":"https:\/\/blogdorogeriogomes.com.br\/noticias\/wp-json\/wp\/v2\/users\/1"}],"replies":[{"embeddable":true,"href":"https:\/\/blogdorogeriogomes.com.br\/noticias\/wp-json\/wp\/v2\/comments?post=27712"}],"version-history":[{"count":1,"href":"https:\/\/blogdorogeriogomes.com.br\/noticias\/wp-json\/wp\/v2\/posts\/27712\/revisions"}],"predecessor-version":[{"id":27714,"href":"https:\/\/blogdorogeriogomes.com.br\/noticias\/wp-json\/wp\/v2\/posts\/27712\/revisions\/27714"}],"wp:featuredmedia":[{"embeddable":true,"href":"https:\/\/blogdorogeriogomes.com.br\/noticias\/wp-json\/wp\/v2\/media\/27713"}],"wp:attachment":[{"href":"https:\/\/blogdorogeriogomes.com.br\/noticias\/wp-json\/wp\/v2\/media?parent=27712"}],"wp:term":[{"taxonomy":"category","embeddable":true,"href":"https:\/\/blogdorogeriogomes.com.br\/noticias\/wp-json\/wp\/v2\/categories?post=27712"},{"taxonomy":"post_tag","embeddable":true,"href":"https:\/\/blogdorogeriogomes.com.br\/noticias\/wp-json\/wp\/v2\/tags?post=27712"}],"curies":[{"name":"wp","href":"https:\/\/api.w.org\/{rel}","templated":true}]}}