{"id":27718,"date":"2022-12-13T00:01:36","date_gmt":"2022-12-13T00:01:36","guid":{"rendered":"https:\/\/blogdorogeriogomes.com.br\/?p=27718"},"modified":"2022-12-13T12:20:37","modified_gmt":"2022-12-13T12:20:37","slug":"izolda-elmano-e-camilo-prestigiam-diplomacao-de-lula-em-brasilia","status":"publish","type":"post","link":"https:\/\/blogdorogeriogomes.com.br\/noticias\/2022\/12\/izolda-elmano-e-camilo-prestigiam-diplomacao-de-lula-em-brasilia\/","title":{"rendered":"Izolda, Elmano e Camilo prestigiam diploma\u00e7\u00e3o de Lula em Bras\u00edlia"},"content":{"rendered":"\n<p>A governadora do Cear\u00e1, Izolda Cela, o governador eleito Elmano de Freitas (PT) e o senador eleito Camilo Santana (PT) prestigiaram a diploma\u00e7\u00e3o do presidente eleito Lula (PT) pelo Tribunal Superior Eleitoral, em Bras\u00edlia. &#8220;Deixo ao presidente Lula e a seu vice, Geraldo Alckmin, diplomados, meu desejo de um governo forte e sens\u00edvel \u00e0s necessidades do nosso povo. Este \u00e9 um momento aguardado por muitos brasileiros e brasileiras que, assim como Lula, t\u00eam compromisso com a democracia e com a supera\u00e7\u00e3o das desigualdades na constru\u00e7\u00e3o de uma na\u00e7\u00e3o mais justa e inclusiva&#8221;, disse Izolda Cela.<br>O governador eleito Elmano de Freitas aproveitou a ida a Bras\u00edlia para manter contatos com parlamentares federais cearenses, entre eles, Andr\u00e9 Figueiredo, que \u00e9 presidente estadual do PDT. Elmano est\u00e1 em fase de defini\u00e7\u00e3o do secretariado estadual, que deve ser anunciado ainda esta semana. O PDT dever\u00e1 ser contemplado na equipe de primeiro escal\u00e3o do novo governo petista no Cear\u00e1.<\/p>\n\n\n\n<figure class=\"wp-block-image size-full\"><img loading=\"lazy\" decoding=\"async\" width=\"883\" height=\"768\" src=\"https:\/\/blogdorogeriogomes.com.br\/wp-content\/uploads\/2022\/12\/IMG-20221212-WA0006.jpg\" alt=\"\" class=\"wp-image-27719\" srcset=\"https:\/\/blogdorogeriogomes.com.br\/noticias\/wp-content\/uploads\/2022\/12\/IMG-20221212-WA0006.jpg 883w, https:\/\/blogdorogeriogomes.com.br\/noticias\/wp-content\/uploads\/2022\/12\/IMG-20221212-WA0006-300x261.jpg 300w, https:\/\/blogdorogeriogomes.com.br\/noticias\/wp-content\/uploads\/2022\/12\/IMG-20221212-WA0006-768x668.jpg 768w, https:\/\/blogdorogeriogomes.com.br\/noticias\/wp-content\/uploads\/2022\/12\/IMG-20221212-WA0006-800x696.jpg 800w\" sizes=\"auto, (max-width: 883px) 100vw, 883px\" \/><\/figure>\n","protected":false},"excerpt":{"rendered":"<p>A governadora do Cear\u00e1, Izolda Cela, o governador eleito Elmano de Freitas (PT) e o senador eleito Camilo Santana (PT) prestigiaram a diploma\u00e7\u00e3o do presidente eleito Lula (PT) pelo Tribunal Superior Eleitoral, em Bras\u00edlia. &#8220;Deixo ao presidente Lula e a seu vice, Geraldo Alckmin, diplomados, meu desejo de um governo forte e sens\u00edvel \u00e0s necessidades do nosso povo. Este \u00e9 um momento aguardado por muitos brasileiros e brasileiras que, assim como Lula, t\u00eam compromisso com a democracia e com&hellip;<\/p>\n","protected":false},"author":1,"featured_media":27719,"comment_status":"open","ping_status":"open","sticky":false,"template":"","format":"standard","meta":{"footnotes":""},"categories":[1],"tags":[],"class_list":["post-27718","post","type-post","status-publish","format-standard","has-post-thumbnail","hentry","category-noticias"],"_links":{"self":[{"href":"https:\/\/blogdorogeriogomes.com.br\/noticias\/wp-json\/wp\/v2\/posts\/27718","targetHints":{"allow":["GET"]}}],"collection":[{"href":"https:\/\/blogdorogeriogomes.com.br\/noticias\/wp-json\/wp\/v2\/posts"}],"about":[{"href":"https:\/\/blogdorogeriogomes.com.br\/noticias\/wp-json\/wp\/v2\/types\/post"}],"author":[{"embeddable":true,"href":"https:\/\/blogdorogeriogomes.com.br\/noticias\/wp-json\/wp\/v2\/users\/1"}],"replies":[{"embeddable":true,"href":"https:\/\/blogdorogeriogomes.com.br\/noticias\/wp-json\/wp\/v2\/comments?post=27718"}],"version-history":[{"count":1,"href":"https:\/\/blogdorogeriogomes.com.br\/noticias\/wp-json\/wp\/v2\/posts\/27718\/revisions"}],"predecessor-version":[{"id":27720,"href":"https:\/\/blogdorogeriogomes.com.br\/noticias\/wp-json\/wp\/v2\/posts\/27718\/revisions\/27720"}],"wp:featuredmedia":[{"embeddable":true,"href":"https:\/\/blogdorogeriogomes.com.br\/noticias\/wp-json\/wp\/v2\/media\/27719"}],"wp:attachment":[{"href":"https:\/\/blogdorogeriogomes.com.br\/noticias\/wp-json\/wp\/v2\/media?parent=27718"}],"wp:term":[{"taxonomy":"category","embeddable":true,"href":"https:\/\/blogdorogeriogomes.com.br\/noticias\/wp-json\/wp\/v2\/categories?post=27718"},{"taxonomy":"post_tag","embeddable":true,"href":"https:\/\/blogdorogeriogomes.com.br\/noticias\/wp-json\/wp\/v2\/tags?post=27718"}],"curies":[{"name":"wp","href":"https:\/\/api.w.org\/{rel}","templated":true}]}}