{"id":27721,"date":"2022-12-13T00:04:07","date_gmt":"2022-12-13T00:04:07","guid":{"rendered":"https:\/\/blogdorogeriogomes.com.br\/?p=27721"},"modified":"2022-12-13T12:20:26","modified_gmt":"2022-12-13T12:20:26","slug":"criacao-da-taxa-de-lixo-em-fortaleza-passa-pelas-comissoes-da-camara-municipal","status":"publish","type":"post","link":"https:\/\/blogdorogeriogomes.com.br\/noticias\/2022\/12\/criacao-da-taxa-de-lixo-em-fortaleza-passa-pelas-comissoes-da-camara-municipal\/","title":{"rendered":"Cria\u00e7\u00e3o da taxa de lixo em Fortaleza passa pelas comiss\u00f5es da C\u00e2mara Municipal"},"content":{"rendered":"\n<p>Os vereadores de Fortaleza deram o primeiro passo para aprovar o projeto da Prefeitura que cria uma taxa de lixo para os moradores da Capital. Nesta segunda-feira, dia 12 de dezembro, as comiss\u00f5es de Constitui\u00e7\u00e3o e Justi\u00e7a (CCJ) e Or\u00e7amento da C\u00e2mara Municipal de Fortaleza aprovaram o projeto. Para passar a valer, o projeto precisa ainda ser aprovado no plen\u00e1rio da C\u00e2mara dos Vereadores e sancionado pelo prefeito Jos\u00e9 Sarto.<br>Dos 11 vereadores que votaram nesta segunda-feira, cinco foram a favor do projeto e seis contra. No entanto, dois dos parlamentares que se manifestaram pela aprova\u00e7\u00e3o da taxa de lixo t\u00eam peso dois, ou seja, o voto de cada deles vale por dois por serem membros de duas comiss\u00f5es.<br>Se entrar em vigor, os contribuintes de Fortaleza que n\u00e3o sejam de baixa renda v\u00e3o pagar valor de R$ 258 a R$ 1.600, dependendo da quantidade de lixo que produz e do tamanho do terreno.<\/p>\n\n\n\n<figure class=\"wp-block-image size-large\"><img loading=\"lazy\" decoding=\"async\" width=\"1024\" height=\"682\" src=\"https:\/\/blogdorogeriogomes.com.br\/wp-content\/uploads\/2022\/12\/IMG-20221212-WA0007-1024x682.jpg\" alt=\"\" class=\"wp-image-27722\" srcset=\"https:\/\/blogdorogeriogomes.com.br\/noticias\/wp-content\/uploads\/2022\/12\/IMG-20221212-WA0007-1024x682.jpg 1024w, https:\/\/blogdorogeriogomes.com.br\/noticias\/wp-content\/uploads\/2022\/12\/IMG-20221212-WA0007-300x200.jpg 300w, https:\/\/blogdorogeriogomes.com.br\/noticias\/wp-content\/uploads\/2022\/12\/IMG-20221212-WA0007-768x512.jpg 768w, https:\/\/blogdorogeriogomes.com.br\/noticias\/wp-content\/uploads\/2022\/12\/IMG-20221212-WA0007-800x533.jpg 800w, https:\/\/blogdorogeriogomes.com.br\/noticias\/wp-content\/uploads\/2022\/12\/IMG-20221212-WA0007.jpg 1280w\" sizes=\"auto, (max-width: 1024px) 100vw, 1024px\" \/><\/figure>\n","protected":false},"excerpt":{"rendered":"<p>Os vereadores de Fortaleza deram o primeiro passo para aprovar o projeto da Prefeitura que cria uma taxa de lixo para os moradores da Capital. Nesta segunda-feira, dia 12 de dezembro, as comiss\u00f5es de Constitui\u00e7\u00e3o e Justi\u00e7a (CCJ) e Or\u00e7amento da C\u00e2mara Municipal de Fortaleza aprovaram o projeto. Para passar a valer, o projeto precisa ainda ser aprovado no plen\u00e1rio da C\u00e2mara dos Vereadores e sancionado pelo prefeito Jos\u00e9 Sarto.Dos 11 vereadores que votaram nesta segunda-feira, cinco foram a&hellip;<\/p>\n","protected":false},"author":1,"featured_media":27722,"comment_status":"open","ping_status":"open","sticky":false,"template":"","format":"standard","meta":{"footnotes":""},"categories":[1],"tags":[],"class_list":["post-27721","post","type-post","status-publish","format-standard","has-post-thumbnail","hentry","category-noticias"],"_links":{"self":[{"href":"https:\/\/blogdorogeriogomes.com.br\/noticias\/wp-json\/wp\/v2\/posts\/27721","targetHints":{"allow":["GET"]}}],"collection":[{"href":"https:\/\/blogdorogeriogomes.com.br\/noticias\/wp-json\/wp\/v2\/posts"}],"about":[{"href":"https:\/\/blogdorogeriogomes.com.br\/noticias\/wp-json\/wp\/v2\/types\/post"}],"author":[{"embeddable":true,"href":"https:\/\/blogdorogeriogomes.com.br\/noticias\/wp-json\/wp\/v2\/users\/1"}],"replies":[{"embeddable":true,"href":"https:\/\/blogdorogeriogomes.com.br\/noticias\/wp-json\/wp\/v2\/comments?post=27721"}],"version-history":[{"count":1,"href":"https:\/\/blogdorogeriogomes.com.br\/noticias\/wp-json\/wp\/v2\/posts\/27721\/revisions"}],"predecessor-version":[{"id":27723,"href":"https:\/\/blogdorogeriogomes.com.br\/noticias\/wp-json\/wp\/v2\/posts\/27721\/revisions\/27723"}],"wp:featuredmedia":[{"embeddable":true,"href":"https:\/\/blogdorogeriogomes.com.br\/noticias\/wp-json\/wp\/v2\/media\/27722"}],"wp:attachment":[{"href":"https:\/\/blogdorogeriogomes.com.br\/noticias\/wp-json\/wp\/v2\/media?parent=27721"}],"wp:term":[{"taxonomy":"category","embeddable":true,"href":"https:\/\/blogdorogeriogomes.com.br\/noticias\/wp-json\/wp\/v2\/categories?post=27721"},{"taxonomy":"post_tag","embeddable":true,"href":"https:\/\/blogdorogeriogomes.com.br\/noticias\/wp-json\/wp\/v2\/tags?post=27721"}],"curies":[{"name":"wp","href":"https:\/\/api.w.org\/{rel}","templated":true}]}}