{"id":27727,"date":"2022-12-13T10:48:47","date_gmt":"2022-12-13T10:48:47","guid":{"rendered":"https:\/\/blogdorogeriogomes.com.br\/?p=27727"},"modified":"2022-12-13T12:20:13","modified_gmt":"2022-12-13T12:20:13","slug":"jose-sarto-assina-ordem-de-servico-para-requalificacao-da-lagoa-de-messejana","status":"publish","type":"post","link":"https:\/\/blogdorogeriogomes.com.br\/noticias\/2022\/12\/jose-sarto-assina-ordem-de-servico-para-requalificacao-da-lagoa-de-messejana\/","title":{"rendered":"Jos\u00e9 Sarto assina ordem de servi\u00e7o para requalifica\u00e7\u00e3o da Lagoa de Messejana"},"content":{"rendered":"\n<p>O prefeito de Fortaleza, Jos\u00e9 Sarto, assinou, nesta segunda-feira, dia 12 de dezembro, ordem de servi\u00e7o para requalifica\u00e7\u00e3o da Lagoa de Messejana, que receber\u00e1 melhorias nos passeios, equipamentos p\u00fablicos e preserva\u00e7\u00e3o da vegeta\u00e7\u00e3o local. A requalifica\u00e7\u00e3o se une \u00e0s outras obras que a Prefeitura de Fortaleza tem realizado em diversas \u00e1reas h\u00eddricas urbanas, como a da Lagoa do Mondubim e o projeto Beira-Rio.<br>As interven\u00e7\u00f5es devem ter in\u00edcio ainda em dezembro, com previs\u00e3o de 9 meses para a finaliza\u00e7\u00e3o de toda a reforma e investimento de R$ 9,56 milh\u00f5es. A iniciativa tem financiamento do Programa Fortaleza Cidade Sustent\u00e1vel (FCS), de responsabilidade da Secretaria do Urbanismo e Meio Ambiente (Seuma). \u201cNossa ideia \u00e9, em diversos pontos de Fortaleza, requalificar pontos de \u00e1reas verdes e corpos d&#8217;\u00e1gua. N\u00f3s vamos fazer isso aqui na Messejana, j\u00e1 estamos fazendo na Lagoa do Mondubim e na Barra do Cear\u00e1, com o projeto Beira-Rio. E queremos fazer isso na entrada do Bom Jardim, no Lago Jacarey, na Lagoa da Parangaba e na Lagoa do Opaia\u201d,&nbsp;disse Jos\u00e9 Sarto.<\/p>\n\n\n\n<figure class=\"wp-block-image size-large\"><img loading=\"lazy\" decoding=\"async\" width=\"1024\" height=\"602\" src=\"https:\/\/blogdorogeriogomes.com.br\/wp-content\/uploads\/2022\/12\/IMG-20221213-WA0001-1024x602.jpg\" alt=\"\" class=\"wp-image-27728\" srcset=\"https:\/\/blogdorogeriogomes.com.br\/noticias\/wp-content\/uploads\/2022\/12\/IMG-20221213-WA0001-1024x602.jpg 1024w, https:\/\/blogdorogeriogomes.com.br\/noticias\/wp-content\/uploads\/2022\/12\/IMG-20221213-WA0001-300x176.jpg 300w, https:\/\/blogdorogeriogomes.com.br\/noticias\/wp-content\/uploads\/2022\/12\/IMG-20221213-WA0001-768x451.jpg 768w, https:\/\/blogdorogeriogomes.com.br\/noticias\/wp-content\/uploads\/2022\/12\/IMG-20221213-WA0001-800x470.jpg 800w, https:\/\/blogdorogeriogomes.com.br\/noticias\/wp-content\/uploads\/2022\/12\/IMG-20221213-WA0001.jpg 1280w\" sizes=\"auto, (max-width: 1024px) 100vw, 1024px\" \/><\/figure>\n","protected":false},"excerpt":{"rendered":"<p>O prefeito de Fortaleza, Jos\u00e9 Sarto, assinou, nesta segunda-feira, dia 12 de dezembro, ordem de servi\u00e7o para requalifica\u00e7\u00e3o da Lagoa de Messejana, que receber\u00e1 melhorias nos passeios, equipamentos p\u00fablicos e preserva\u00e7\u00e3o da vegeta\u00e7\u00e3o local. A requalifica\u00e7\u00e3o se une \u00e0s outras obras que a Prefeitura de Fortaleza tem realizado em diversas \u00e1reas h\u00eddricas urbanas, como a da Lagoa do Mondubim e o projeto Beira-Rio.As interven\u00e7\u00f5es devem ter in\u00edcio ainda em dezembro, com previs\u00e3o de 9 meses para a finaliza\u00e7\u00e3o de&hellip;<\/p>\n","protected":false},"author":1,"featured_media":27728,"comment_status":"open","ping_status":"open","sticky":false,"template":"","format":"standard","meta":{"footnotes":""},"categories":[1],"tags":[],"class_list":["post-27727","post","type-post","status-publish","format-standard","has-post-thumbnail","hentry","category-noticias"],"_links":{"self":[{"href":"https:\/\/blogdorogeriogomes.com.br\/noticias\/wp-json\/wp\/v2\/posts\/27727","targetHints":{"allow":["GET"]}}],"collection":[{"href":"https:\/\/blogdorogeriogomes.com.br\/noticias\/wp-json\/wp\/v2\/posts"}],"about":[{"href":"https:\/\/blogdorogeriogomes.com.br\/noticias\/wp-json\/wp\/v2\/types\/post"}],"author":[{"embeddable":true,"href":"https:\/\/blogdorogeriogomes.com.br\/noticias\/wp-json\/wp\/v2\/users\/1"}],"replies":[{"embeddable":true,"href":"https:\/\/blogdorogeriogomes.com.br\/noticias\/wp-json\/wp\/v2\/comments?post=27727"}],"version-history":[{"count":1,"href":"https:\/\/blogdorogeriogomes.com.br\/noticias\/wp-json\/wp\/v2\/posts\/27727\/revisions"}],"predecessor-version":[{"id":27729,"href":"https:\/\/blogdorogeriogomes.com.br\/noticias\/wp-json\/wp\/v2\/posts\/27727\/revisions\/27729"}],"wp:featuredmedia":[{"embeddable":true,"href":"https:\/\/blogdorogeriogomes.com.br\/noticias\/wp-json\/wp\/v2\/media\/27728"}],"wp:attachment":[{"href":"https:\/\/blogdorogeriogomes.com.br\/noticias\/wp-json\/wp\/v2\/media?parent=27727"}],"wp:term":[{"taxonomy":"category","embeddable":true,"href":"https:\/\/blogdorogeriogomes.com.br\/noticias\/wp-json\/wp\/v2\/categories?post=27727"},{"taxonomy":"post_tag","embeddable":true,"href":"https:\/\/blogdorogeriogomes.com.br\/noticias\/wp-json\/wp\/v2\/tags?post=27727"}],"curies":[{"name":"wp","href":"https:\/\/api.w.org\/{rel}","templated":true}]}}