{"id":27730,"date":"2022-12-14T00:45:39","date_gmt":"2022-12-14T00:45:39","guid":{"rendered":"https:\/\/blogdorogeriogomes.com.br\/?p=27730"},"modified":"2022-12-14T12:20:09","modified_gmt":"2022-12-14T12:20:09","slug":"ministerio-publico-estadual-quer-multa-de-r-48-milhoes-para-enel-ceara-por-ma-prestacao-de-servico-no-estado","status":"publish","type":"post","link":"https:\/\/blogdorogeriogomes.com.br\/noticias\/2022\/12\/ministerio-publico-estadual-quer-multa-de-r-48-milhoes-para-enel-ceara-por-ma-prestacao-de-servico-no-estado\/","title":{"rendered":"Minist\u00e9rio P\u00fablico Estadual quer multa de R$ 48 milh\u00f5es para Enel Cear\u00e1 por m\u00e1 presta\u00e7\u00e3o de servi\u00e7o no Estado"},"content":{"rendered":"\n<p>Em reuni\u00e3o realizada nesta ter\u00e7a-feira, dia 13 de dezembro, o Minist\u00e9rio P\u00fablico Estadual decidiu que ir\u00e1 entrar com A\u00e7\u00e3o Civil P\u00fablica contra a Enel Cear\u00e1, que pode ser multada em R$ 48 milh\u00f5es por m\u00e1 presta\u00e7\u00e3o dos servi\u00e7os de energia el\u00e9trica no estado. Outra reclama\u00e7\u00e3o est\u00e1 relacionada ao aumento abusivo da tarifa de energia el\u00e9trica e indicativos de &#8220;irregularidades no cumprimento das regras do contrato de concess\u00e3o&#8221; com o Governo do Cear\u00e1.&nbsp;<br>Tamb\u00e9m ser\u00e1 instaurado procedimento administrativo no Decon Estadual, que atua na prote\u00e7\u00e3o e defesa do consumidor. A ideia \u00e9 investigar poss\u00edveis infra\u00e7\u00f5es da Enel ao C\u00f3digo do Consumidor, tamb\u00e9m relacionadas \u00e0 presta\u00e7\u00e3o de servi\u00e7os. A multa por conta do procedimento pode variar de R$ 1 milh\u00e3o a R$ 15 milh\u00f5es de reais.<\/p>\n\n\n\n<figure class=\"wp-block-image size-large\"><img loading=\"lazy\" decoding=\"async\" width=\"1024\" height=\"576\" src=\"https:\/\/blogdorogeriogomes.com.br\/wp-content\/uploads\/2022\/12\/IMG-20221213-WA0004-1024x576.jpg\" alt=\"\" class=\"wp-image-27731\" srcset=\"https:\/\/blogdorogeriogomes.com.br\/noticias\/wp-content\/uploads\/2022\/12\/IMG-20221213-WA0004-1024x576.jpg 1024w, https:\/\/blogdorogeriogomes.com.br\/noticias\/wp-content\/uploads\/2022\/12\/IMG-20221213-WA0004-300x169.jpg 300w, https:\/\/blogdorogeriogomes.com.br\/noticias\/wp-content\/uploads\/2022\/12\/IMG-20221213-WA0004-768x432.jpg 768w, https:\/\/blogdorogeriogomes.com.br\/noticias\/wp-content\/uploads\/2022\/12\/IMG-20221213-WA0004-800x450.jpg 800w, https:\/\/blogdorogeriogomes.com.br\/noticias\/wp-content\/uploads\/2022\/12\/IMG-20221213-WA0004.jpg 1280w\" sizes=\"auto, (max-width: 1024px) 100vw, 1024px\" \/><\/figure>\n","protected":false},"excerpt":{"rendered":"<p>Em reuni\u00e3o realizada nesta ter\u00e7a-feira, dia 13 de dezembro, o Minist\u00e9rio P\u00fablico Estadual decidiu que ir\u00e1 entrar com A\u00e7\u00e3o Civil P\u00fablica contra a Enel Cear\u00e1, que pode ser multada em R$ 48 milh\u00f5es por m\u00e1 presta\u00e7\u00e3o dos servi\u00e7os de energia el\u00e9trica no estado. Outra reclama\u00e7\u00e3o est\u00e1 relacionada ao aumento abusivo da tarifa de energia el\u00e9trica e indicativos de &#8220;irregularidades no cumprimento das regras do contrato de concess\u00e3o&#8221; com o Governo do Cear\u00e1.&nbsp;Tamb\u00e9m ser\u00e1 instaurado procedimento administrativo no Decon Estadual,&hellip;<\/p>\n","protected":false},"author":1,"featured_media":27731,"comment_status":"open","ping_status":"open","sticky":false,"template":"","format":"standard","meta":{"footnotes":""},"categories":[1],"tags":[],"class_list":["post-27730","post","type-post","status-publish","format-standard","has-post-thumbnail","hentry","category-noticias"],"_links":{"self":[{"href":"https:\/\/blogdorogeriogomes.com.br\/noticias\/wp-json\/wp\/v2\/posts\/27730","targetHints":{"allow":["GET"]}}],"collection":[{"href":"https:\/\/blogdorogeriogomes.com.br\/noticias\/wp-json\/wp\/v2\/posts"}],"about":[{"href":"https:\/\/blogdorogeriogomes.com.br\/noticias\/wp-json\/wp\/v2\/types\/post"}],"author":[{"embeddable":true,"href":"https:\/\/blogdorogeriogomes.com.br\/noticias\/wp-json\/wp\/v2\/users\/1"}],"replies":[{"embeddable":true,"href":"https:\/\/blogdorogeriogomes.com.br\/noticias\/wp-json\/wp\/v2\/comments?post=27730"}],"version-history":[{"count":1,"href":"https:\/\/blogdorogeriogomes.com.br\/noticias\/wp-json\/wp\/v2\/posts\/27730\/revisions"}],"predecessor-version":[{"id":27732,"href":"https:\/\/blogdorogeriogomes.com.br\/noticias\/wp-json\/wp\/v2\/posts\/27730\/revisions\/27732"}],"wp:featuredmedia":[{"embeddable":true,"href":"https:\/\/blogdorogeriogomes.com.br\/noticias\/wp-json\/wp\/v2\/media\/27731"}],"wp:attachment":[{"href":"https:\/\/blogdorogeriogomes.com.br\/noticias\/wp-json\/wp\/v2\/media?parent=27730"}],"wp:term":[{"taxonomy":"category","embeddable":true,"href":"https:\/\/blogdorogeriogomes.com.br\/noticias\/wp-json\/wp\/v2\/categories?post=27730"},{"taxonomy":"post_tag","embeddable":true,"href":"https:\/\/blogdorogeriogomes.com.br\/noticias\/wp-json\/wp\/v2\/tags?post=27730"}],"curies":[{"name":"wp","href":"https:\/\/api.w.org\/{rel}","templated":true}]}}